{"id":6968,"date":"2026-06-16T19:04:05","date_gmt":"2026-06-16T17:04:05","guid":{"rendered":"https:\/\/implementi.ai\/en\/2026\/06\/16\/apple-2027-rumors-ai-enabled-airpods-with-cameras-second-foldable-iphone\/"},"modified":"2026-06-16T19:04:05","modified_gmt":"2026-06-16T17:04:05","slug":"geruchte-zu-apple-2027-ki-fahige-airpods-mit-kameras-zweites-faltbares-iphone","status":"publish","type":"post","link":"https:\/\/implementi.ai\/de\/2026\/06\/16\/apple-2027-rumors-ai-enabled-airpods-with-cameras-second-foldable-iphone\/","title":{"rendered":"Ger\u00fcchte zu Apple 2027: KI-f\u00e4hige AirPods mit Kameras und ein zweites faltbares iPhone."},"content":{"rendered":"<p>Wenn Sie ein Technikbegeisterter sind, der Apples bahnbrechende Innovationen verfolgt, dann haben Sie wahrscheinlich schon von den AirPods mit Kamera geh\u00f6rt, an denen das Unternehmen Ger\u00fcchten zufolge arbeitet. Im Anschluss an die j\u00fcngste Worldwide Developers Conference (WWDC) sind neue Details zu diesen innovativen Ohrh\u00f6rern bekannt geworden.<\/p>\n<p>Die WWDC stellt in der Regel einen H\u00f6hepunkt im Veranstaltungszyklus von Apple dar und r\u00fcckt neue, KI-gest\u00fctzte Funktionen in den Mittelpunkt, die die Apple-Plattformen weiter verbessern sollen. Das war auch in diesem Jahr nicht anders. Noch spannender sind jedoch die Details zu Apples zuk\u00fcnftigen Hardware-Pl\u00e4nen, insbesondere zu den mit einer Kamera ausgestatteten AirPods.<\/p>\n<p>Laut Mark Gurman, einem renommierten Tech-Reporter bei Bloomberg, der bereits zuvor \u00fcber diese AirPods berichtet hat, sollen diese hochmodernen Ohrh\u00f6rer derzeit voraussichtlich Ende 2027 auf den Markt kommen. Es scheint, dass w\u00e4hrend wir gespannt auf das iOS-27-Update im Herbst dieses Jahres warten, die neuen AirPods bereits still und leise mit dem f\u00fcr n\u00e4chstes Jahr geplanten iOS 28 getestet werden.<\/p>\n<p>Stellen Sie sich einen Ohrh\u00f6rer vor, der nicht nur f\u00fcr kristallklaren Klang sorgt, sondern auch mit Kameras ausgestattet ist. Diese Kameras sind strategisch g\u00fcnstig an den Stielen der AirPods angebracht, und Leuchten zeigen an, wenn Daten in die Cloud \u00fcbertragen werden. Diese Innovation verspricht, das Konzept der intelligenten Wearables neu zu definieren und sie auf ein v\u00f6llig neues Niveau zu heben.<\/p>\n<p>Die mit einer Kamera ausgestatteten AirPods w\u00fcrden der verbesserten Version von Siri, dem stets hilfsbereiten virtuellen Assistenten, \u2018visuellen Kontext\u2019 zu Ihrer Umgebung liefern. Siri w\u00fcrde sich nicht mehr ausschlie\u00dflich auf Sprachbefehle st\u00fctzen, sondern auch visuelle Informationen verarbeiten, um ein reichhaltigeres und interaktiveres Nutzererlebnis zu erm\u00f6glichen.<\/p>\n<p>Die rasanten Fortschritte bei KI-gest\u00fctzten Technologien versetzen uns immer wieder in Staunen, und die Tatsache, dass Apple eine f\u00fchrende Rolle dabei spielt, die Grenzen dieser Innovationen zu erweitern, tr\u00e4gt zus\u00e4tzlich zur Begeisterung bei. Die Erwartungen an diese neuen Ohrh\u00f6rer sind gro\u00df. Wie wird die Einf\u00fchrung von Kameratechnologie in Ger\u00e4te, die ansonsten auf Audio ausgerichtet sind, die Branche ver\u00e4ndern? Das ist etwas, worauf Verbraucher und Technikbegeisterte gleicherma\u00dfen gespannt sind.<\/p>\n<p>Von iOS 28 und den neuen AirPods mit Kamera h\u00e4ngt viel ab, da beide einen bedeutenden Sprung in Apples technologischer Entwicklung darstellen w\u00fcrden. Doch wenn man Apple und seine Geschichte revolution\u00e4rer Produkteinf\u00fchrungen kennt, kann man davon ausgehen, dass das Endprodukt den hohen Erwartungen wohl gerecht werden wird.<\/p>\n<p>All diese Informationen k\u00f6nnen sich noch \u00e4ndern, je n\u00e4her wir dem voraussichtlichen Erscheinungsdatum kommen. Bis dahin werden die Tech-Welt und Apples treue Fangemeinde gespannt die Tage herunterz\u00e4hlen.<\/p>\n<p>Um einen umfassenderen Einblick in diese Geschichte zu erhalten, lesen Sie den <a href=\"https:\/\/www.theverge.com\/tech\/950826\/apple-airpod-camera-ai-foldable-iphone-rumor\" target=\"_blank\" rel=\"noopener\">Originalartikel<\/a> auf The Verge.<\/p>","protected":false},"excerpt":{"rendered":"<p>If you&#8217;re a tech enthusiast who follows Apple&#8217;s groundbreaking innovations, then you&#8217;ve probably heard about the camera-equipped AirPods that the company has rumoured to be working on. In the wake of the recent Worldwide Developers Conference (WWDC), fresh details surrounding these innovative earpieces have surfaced. The WWDC usually marks a high point in Apple&#8217;s event cycle, spotlighting new AI-powered features [&hellip;]<\/p>\n","protected":false},"author":1,"featured_media":6969,"comment_status":"","ping_status":"","sticky":false,"template":"","format":"standard","meta":{"_jetpack_newsletter_access":"","_jetpack_dont_email_post_to_subs":false,"_jetpack_newsletter_tier_id":0,"_jetpack_memberships_contains_paywalled_content":false,"_jetpack_feature_clip_id":0,"_jetpack_memberships_contains_paid_content":false,"footnotes":"","jetpack_post_was_ever_published":false},"categories":[25],"tags":[],"class_list":["post-6968","post","type-post","status-publish","format-standard","has-post-thumbnail","hentry","category-audio"],"featured_image_src":"https:\/\/implementi.ai\/wp-content\/uploads\/2026\/06\/6968-1024x683.jpg","blog_images":{"medium":"https:\/\/implementi.ai\/wp-content\/uploads\/2026\/06\/6968-300x200.jpg","large":"https:\/\/implementi.ai\/wp-content\/uploads\/2026\/06\/6968-1024x683.jpg"},"ams_acf":[],"jetpack_sharing_enabled":true,"jetpack_featured_media_url":"https:\/\/implementi.ai\/wp-content\/uploads\/2026\/06\/6968.jpg","_links":{"self":[{"href":"https:\/\/implementi.ai\/de\/wp-json\/wp\/v2\/posts\/6968","targetHints":{"allow":["GET"]}}],"collection":[{"href":"https:\/\/implementi.ai\/de\/wp-json\/wp\/v2\/posts"}],"about":[{"href":"https:\/\/implementi.ai\/de\/wp-json\/wp\/v2\/types\/post"}],"author":[{"embeddable":true,"href":"https:\/\/implementi.ai\/de\/wp-json\/wp\/v2\/users\/1"}],"replies":[{"embeddable":true,"href":"https:\/\/implementi.ai\/de\/wp-json\/wp\/v2\/comments?post=6968"}],"version-history":[{"count":0,"href":"https:\/\/implementi.ai\/de\/wp-json\/wp\/v2\/posts\/6968\/revisions"}],"wp:featuredmedia":[{"embeddable":true,"href":"https:\/\/implementi.ai\/de\/wp-json\/wp\/v2\/media\/6969"}],"wp:attachment":[{"href":"https:\/\/implementi.ai\/de\/wp-json\/wp\/v2\/media?parent=6968"}],"wp:term":[{"taxonomy":"category","embeddable":true,"href":"https:\/\/implementi.ai\/de\/wp-json\/wp\/v2\/categories?post=6968"},{"taxonomy":"post_tag","embeddable":true,"href":"https:\/\/implementi.ai\/de\/wp-json\/wp\/v2\/tags?post=6968"}],"curies":[{"name":"wp","href":"https:\/\/api.w.org\/{rel}","templated":true}]}}