{"id":6978,"date":"2026-06-18T18:00:00","date_gmt":"2026-06-18T16:00:00","guid":{"rendered":"https:\/\/implementi.ai\/en\/2026\/06\/18\/amazon-staff-risk-firing-for-supporting-data-center-restrictions\/"},"modified":"2026-06-18T18:00:00","modified_gmt":"2026-06-18T16:00:00","slug":"amazon-mitarbeiter-riskieren-die-entlassung-weil-sie-sich-fur-beschrankungen-in-rechenzentren-einsetzen","status":"publish","type":"post","link":"https:\/\/implementi.ai\/de\/2026\/06\/18\/amazon-staff-risk-firing-for-supporting-data-center-restrictions\/","title":{"rendered":"Amazon-Mitarbeiter riskieren die Entlassung, wenn sie sich f\u00fcr Beschr\u00e4nkungen in Rechenzentren aussprechen."},"content":{"rendered":"<p>Die Welt der Technologie ist riesig und oft verwirrend, wobei ihre Feinheiten auf dem schmalen Grat zwischen Innovation und Regulierung schwanken. Inmitten dieser Komplexit\u00e4t kam es k\u00fcrzlich zu Turbulenzen rund um die Rechenzentren des multinationalen Technologieriesen Amazon. Softwareentwickler aus Seattle legten bei den j\u00fcngsten Anh\u00f6rungen des Stadtrats ihren Standpunkt dar \u2013 im Mittelpunkt der Debatte stand f\u00fcr diese Fachleute das Thema der Diskriminierung am Arbeitsplatz aufgrund politischer \u00c4u\u00dferungen.<\/p>\n<p>Die drei Ingenieure Patrick Schloesser, Darius Irani und Liesl Wigand begannen ihre Aussage mit einem Verweis auf ein lokales Stadtgesetz, das diese Form der Diskriminierung ausdr\u00fccklich verbietet. Als Mitarbeiter eines so einflussreichen Unternehmens wie Amazon lenkten sie mit ihrem mutigen Schritt nicht nur die Aufmerksamkeit auf das vorliegende Problem, sondern stellten auch die ethischen Praktiken ihres Arbeitgebers in Frage.<\/p>\n<p>Die Mathematik besagt, dass jede Aktion eine gleich gro\u00dfe und entgegengesetzte Reaktion hervorruft. F\u00fcr diese drei mutigen Personen kam die Reaktion in einer unerwarteten Form. Eine Woche nach ihrer Aussage und nur einen Tag nach der Verabschiedung eines bahnbrechenden Moratoriums f\u00fcr Rechenzentren durch den Stadtrat wurden sie zu einem kurzfristigen Treffen einbestellt, das von der Abteilung \u201cEmployee Relations\u201d von Amazon organisiert wurde.\u201d<\/p>\n<p>Bei dem Treffen ging es nicht um eine Auszeichnung, sondern um Ermittlungen. Jeder dieser Ingenieure berichtete, dass Vertreter der Personalabteilung ihnen mitgeteilt h\u00e4tten, dass gegen sie eine interne Untersuchung eingeleitet worden sei. Der Verdacht, dass das Unternehmen seine Mitarbeiter \u00fcberwacht, ist nicht nur beunruhigend, sondern wirft auch Fragen hinsichtlich eines m\u00f6glichen Versto\u00dfes gegen genau jenes Gesetz auf, auf das sich diese mutigen Mitarbeiter in ihren Aussagen bezogen haben.<\/p>\n<p>Sollten sich diese Vorw\u00fcrfe der Softwareentwickler als wahr erweisen, k\u00f6nnten sie nicht nur die Grundlagen der Arbeitsbeziehungen, sondern auch die Meinungsfreiheit am Arbeitsplatz bei Amazon ersch\u00fcttern. Es bleibt abzuwarten, wie sich diese Vorw\u00fcrfe auf die Zukunft auswirken werden \u2013 doch es ist klar, dass die Probleme rund um Rechenzentren und die politischen Verflechtungen in diesen komplexen, vom Internet gepr\u00e4gten Bereichen noch lange nicht gekl\u00e4rt sind.<\/p>\n<p>Man kann sich nur festhalten und abwarten, wie sich die Geschichte entwickelt, w\u00e4hrend der Kampf zwischen den ethisch orientierten Mitarbeitern und der kalten Maschinerie von Amazon tobt. In einer Welt, in der Daten das Sagen haben, k\u00f6nnte der Ausgang dieses Szenarios als Pr\u00e4zedenzfall f\u00fcr andere Tech-Giganten und deren Mitarbeiter dienen, die hinter den Kulissen abwarten und das Drama beobachten.<\/p>\n<p> Aus dieser Situation wird deutlich, dass es in der Welt der Rechenzentren nicht nur um die Welt der Einsen und Nullen geht, sondern dass es sich auch um eine Welt handelt, in der politische Freiheit, Arbeitnehmerrechte und unternehmerische Verantwortung miteinander verflochten sind. Die Verflechtung der digitalen Welt mit der sehr menschlichen Welt der Rechte hat bei Amazon bereits begonnen und ist vielleicht ein Vorbote dessen, was die Zukunft f\u00fcr Tech-Mitarbeiter auf der ganzen Welt bereith\u00e4lt. <\/p>\n<p><em> Wenn Sie mehr \u00fcber diese sich entwickelnde Geschichte erfahren m\u00f6chten, besuchen Sie <a href=\"https:\/\/www.theverge.com\/ai-artificial-intelligence\/952180\/amazon-seattle-data-center-moratorium-aecj-disciplinary-action\" target=\"_blank\" rel=\"noopener\">The Verge<\/a>.<\/em><\/p>","protected":false},"excerpt":{"rendered":"<p>The world of technology is vast and often perplexing, with its nuances dancing on the line between innovation and regulation. Among these complexities, there has been recent turmoil surrounding data centers at Amazon, the multinational technology giant. Seattle-based software engineers declared their perspective at recent hearings held by the city council\u2014at the heart of the matter for these professionals was [&hellip;]<\/p>\n","protected":false},"author":1,"featured_media":6979,"comment_status":"","ping_status":"","sticky":false,"template":"","format":"standard","meta":{"_jetpack_newsletter_access":"","_jetpack_dont_email_post_to_subs":false,"_jetpack_newsletter_tier_id":0,"_jetpack_memberships_contains_paywalled_content":false,"_jetpack_feature_clip_id":0,"_jetpack_memberships_contains_paid_content":false,"footnotes":"","jetpack_post_was_ever_published":false},"categories":[30],"tags":[],"class_list":["post-6978","post","type-post","status-publish","format-standard","has-post-thumbnail","hentry","category-social-media"],"featured_image_src":"https:\/\/implementi.ai\/wp-content\/uploads\/2026\/06\/6978-1024x683.jpg","blog_images":{"medium":"https:\/\/implementi.ai\/wp-content\/uploads\/2026\/06\/6978-300x200.jpg","large":"https:\/\/implementi.ai\/wp-content\/uploads\/2026\/06\/6978-1024x683.jpg"},"ams_acf":[],"jetpack_sharing_enabled":true,"jetpack_featured_media_url":"https:\/\/implementi.ai\/wp-content\/uploads\/2026\/06\/6978.jpg","_links":{"self":[{"href":"https:\/\/implementi.ai\/de\/wp-json\/wp\/v2\/posts\/6978","targetHints":{"allow":["GET"]}}],"collection":[{"href":"https:\/\/implementi.ai\/de\/wp-json\/wp\/v2\/posts"}],"about":[{"href":"https:\/\/implementi.ai\/de\/wp-json\/wp\/v2\/types\/post"}],"author":[{"embeddable":true,"href":"https:\/\/implementi.ai\/de\/wp-json\/wp\/v2\/users\/1"}],"replies":[{"embeddable":true,"href":"https:\/\/implementi.ai\/de\/wp-json\/wp\/v2\/comments?post=6978"}],"version-history":[{"count":0,"href":"https:\/\/implementi.ai\/de\/wp-json\/wp\/v2\/posts\/6978\/revisions"}],"wp:featuredmedia":[{"embeddable":true,"href":"https:\/\/implementi.ai\/de\/wp-json\/wp\/v2\/media\/6979"}],"wp:attachment":[{"href":"https:\/\/implementi.ai\/de\/wp-json\/wp\/v2\/media?parent=6978"}],"wp:term":[{"taxonomy":"category","embeddable":true,"href":"https:\/\/implementi.ai\/de\/wp-json\/wp\/v2\/categories?post=6978"},{"taxonomy":"post_tag","embeddable":true,"href":"https:\/\/implementi.ai\/de\/wp-json\/wp\/v2\/tags?post=6978"}],"curies":[{"name":"wp","href":"https:\/\/api.w.org\/{rel}","templated":true}]}}