{"id":7084,"date":"2026-07-12T22:10:19","date_gmt":"2026-07-12T20:10:19","guid":{"rendered":"https:\/\/implementi.ai\/en\/2026\/07\/12\/lorde-calls-ray-ban-meta-ai-glasses-unsexy\/"},"modified":"2026-07-12T22:10:19","modified_gmt":"2026-07-12T20:10:19","slug":"lorde-bezeichnet-die-meta-ai-brille-von-ray-ban-als-unsexy","status":"publish","type":"post","link":"https:\/\/implementi.ai\/de\/2026\/07\/12\/lorde-calls-ray-ban-meta-ai-glasses-unsexy\/","title":{"rendered":"Lorde bezeichnet die Meta-AI-Brille von Ray-Ban als \u2018unsexy\u2019"},"content":{"rendered":"<p><!DOCTYPE html><br \/>\n<html><br \/>\n<head><\/p>\n<style>\np {font-family: Arial, sans-serif;\n   font-size: 1.1em;\n   text-align: justify;\n  }\n<\/style>\n<p><\/head><br \/>\n<body><\/p>\n<p>Wenn es eine Sache gibt, die wir im Laufe der Jahre von Lorde gelernt haben, dann ist es, dass die Musikerin sich nie scheut, ihre Meinung zu \u00e4u\u00dfern \u2013 und dabei ein breites Spektrum abdeckt, das von gesellschaftlichen Normen bis hin zu technischen Gadgets reicht. Am vergangenen Donnerstag gab die S\u00e4ngerin von \u2018Solar Power\u2019 beim Real Cool Festival in Madrid erneut einen Einblick in ihre unverbl\u00fcmte Art, indem sie eine \u00fcberraschende Tirade gegen eine neue Technologie loslie\u00df \u2013 Brillen mit k\u00fcnstlicher Intelligenz \u2013, ohne dabei konkrete Markennamen zu nennen.<\/p>\n<p>Man k\u00f6nnte vermuten, dass sie sich damit indirekt auf die k\u00fcrzlich gemeinsam von Ray-Ban und Meta entwickelte KI-Smartbrille bezog, da diese zu den Sponsoren des Festivals z\u00e4hlten. F\u00fcr Uneingeweihte: Diese Smartbrillen bieten Funktionen wie Foto- und Videoaufnahmen, Sprachsteuerung und Bluetooth-Konnektivit\u00e4t und lassen die Grenze zwischen der digitalen und der physischen Welt praktisch verschwimmen.<\/p>\n<p>Ausschnitte aus ihrer leidenschaftlichen Rede wurden von Fans auf verschiedenen Social-Media-Plattformen geteilt, auf denen die Grammy-Preistr\u00e4gerin zu h\u00f6ren war, wie sie sich an das Publikum wandte. Nachdem sie sich wie \u00fcblich f\u00fcr das Erscheinen der Anwesenden bedankt hatte, wechselte sie zu einer alarmierenden Rede \u00fcber unsere Realit\u00e4t.<\/p>\n<p>Ein vielsagender Ausschnitt aus ihrem Monolog brachte ihre Besorgnis dar\u00fcber zum Ausdruck, dass es immer schwieriger werde, das Echte vom K\u00fcnstlichen zu unterscheiden \u2013 eine Bemerkung, die angesichts des Vormarsches der KI-Technologie besonders ins Gewicht f\u00e4llt. \u201cMan wei\u00df nicht, ob jemand eine Sonnenbrille tr\u00e4gt oder ob er diese verdammten, beschissenen \u2026 Darf ich einfach mal sagen, f\u00fcr \u2026\u201d, ihr Satz brach ziemlich abrupt ab. <\/p>\n<p>Es ist zwar immer gro\u00dfartig zu sehen, wie K\u00fcnstler ihre Bedenken und Meinungen zu gesellschaftlichen Themen \u00e4u\u00dfern und damit Millionen von Followern erreichen, die sonst vielleicht gar nichts davon mitbekommen w\u00fcrden, doch sollten wir auch Vorsicht walten lassen und unsere \u00dcberzeugungen nicht ausschlie\u00dflich auf der Meinung einer einzigen Person gr\u00fcnden. Letztendlich ist k\u00fcnstliche Intelligenz ein Werkzeug, dessen Einsatz und Auswirkungen subjektiv und wandlungsf\u00e4hig sind \u2013 je nachdem, wie wir sie nutzen, kann sie hervorragend oder sch\u00e4dlich sein. Das ist eine Diskussion, die wir als Gesellschaft auch weiterhin f\u00fchren m\u00fcssen, mit oder ohne Lordes aufsehenerregende \u00c4u\u00dferungen.<\/p>\n<p>Weitere Informationen zu Lordes Konzert in Madrid und ihrer kontroversen Stellungnahme gegen KI-Brillen finden Sie unter <a href=\"https:\/\/www.theverge.com\/ai-artificial-intelligence\/964539\/lorde-says-ray-ban-meta-ai-glasses-are-not-sexy\" target=\"_blank\" rel=\"noopener\">The Verge<\/a> Die ganze Geschichte.<\/p>\n<p><\/body><br \/>\n<\/html><\/p>","protected":false},"excerpt":{"rendered":"<p>If there&#8217;s one thing we&#8217;ve come to expect from Lorde over the years, it&#8217;s that the music artist is never shy about sharing her opinion &#8211; covering a wide swath from societal norms to tech gadgets. Last Thursday, at the Real Cool Festival in Madrid, the &#8216;Solar Power&#8217; artist gave another taste of her outspoken personality by launching into a [&hellip;]<\/p>\n","protected":false},"author":2,"featured_media":7086,"comment_status":"","ping_status":"","sticky":false,"template":"","format":"standard","meta":{"_jetpack_newsletter_access":"","_jetpack_dont_email_post_to_subs":false,"_jetpack_newsletter_tier_id":0,"_jetpack_memberships_contains_paywalled_content":false,"_jetpack_feature_clip_id":0,"_jetpack_memberships_contains_paid_content":false,"footnotes":"","jetpack_post_was_ever_published":false},"categories":[30],"tags":[],"class_list":["post-7084","post","type-post","status-publish","format-standard","has-post-thumbnail","hentry","category-social-media"],"featured_image_src":"https:\/\/implementi.ai\/wp-content\/uploads\/2026\/07\/7084-1024x683.jpg","blog_images":{"medium":"https:\/\/implementi.ai\/wp-content\/uploads\/2026\/07\/7084-300x200.jpg","large":"https:\/\/implementi.ai\/wp-content\/uploads\/2026\/07\/7084-1024x683.jpg"},"ams_acf":[],"jetpack_sharing_enabled":true,"jetpack_featured_media_url":"https:\/\/implementi.ai\/wp-content\/uploads\/2026\/07\/7084.jpg","_links":{"self":[{"href":"https:\/\/implementi.ai\/de\/wp-json\/wp\/v2\/posts\/7084","targetHints":{"allow":["GET"]}}],"collection":[{"href":"https:\/\/implementi.ai\/de\/wp-json\/wp\/v2\/posts"}],"about":[{"href":"https:\/\/implementi.ai\/de\/wp-json\/wp\/v2\/types\/post"}],"author":[{"embeddable":true,"href":"https:\/\/implementi.ai\/de\/wp-json\/wp\/v2\/users\/2"}],"replies":[{"embeddable":true,"href":"https:\/\/implementi.ai\/de\/wp-json\/wp\/v2\/comments?post=7084"}],"version-history":[{"count":0,"href":"https:\/\/implementi.ai\/de\/wp-json\/wp\/v2\/posts\/7084\/revisions"}],"wp:featuredmedia":[{"embeddable":true,"href":"https:\/\/implementi.ai\/de\/wp-json\/wp\/v2\/media\/7086"}],"wp:attachment":[{"href":"https:\/\/implementi.ai\/de\/wp-json\/wp\/v2\/media?parent=7084"}],"wp:term":[{"taxonomy":"category","embeddable":true,"href":"https:\/\/implementi.ai\/de\/wp-json\/wp\/v2\/categories?post=7084"},{"taxonomy":"post_tag","embeddable":true,"href":"https:\/\/implementi.ai\/de\/wp-json\/wp\/v2\/tags?post=7084"}],"curies":[{"name":"wp","href":"https:\/\/api.w.org\/{rel}","templated":true}]}}