{"id":6681,"date":"2026-04-21T21:00:05","date_gmt":"2026-04-21T19:00:05","guid":{"rendered":"https:\/\/implementi.ai\/en\/2026\/04\/21\/impending-ai-backlash-in-elections\/"},"modified":"2026-04-21T21:00:05","modified_gmt":"2026-04-21T19:00:05","slug":"inminente-reaccion-ai-en-las-elecciones","status":"publish","type":"post","link":"https:\/\/implementi.ai\/es\/2026\/04\/21\/impending-ai-backlash-in-elections\/","title":{"rendered":"El inminente contragolpe de la IA en las elecciones"},"content":{"rendered":"<h2>La voz del p\u00fablico: IA, pol\u00edtica y percepci\u00f3n<\/h2>\n<p>Hable con cualquier grupo de ciudadanos estadounidenses sobre su opini\u00f3n acerca de la Inteligencia Artificial (IA) y es probable que escuche una pl\u00e9tora de preocupaciones. \u00c9stas van desde el miedo a la p\u00e9rdida de puestos de trabajo hasta los dilemas \u00e9ticos que plantea la IA. No es de extra\u00f1ar que la oposici\u00f3n a ciertas iniciativas de IA, como los proyectos de centros de datos, sea bastante significativa, manifest\u00e1ndose en retrasos y obst\u00e1culos en todo Estados Unidos.<\/p>\n<p>Esta sensaci\u00f3n de escepticismo y a veces de angustia se amplifica a trav\u00e9s de las redes sociales, donde las reacciones contra las empresas de IA, los ejecutivos tecnol\u00f3gicos y sus pol\u00edticas no tienen l\u00edmites. En casos extremos, esta ira ha llegado incluso al punto de <a href=\"https:\/\/www.theverge.com\/ai-artificial-intelligence\/911778\/ai-violence-sam-altman-home\" target=\"_blank\" rel=\"noopener\">condonar la violencia<\/a>. Pero, a pesar de ello, cuando se examinan los puntos centrales de las campa\u00f1as, r\u00e1pidamente queda claro que la IA no es tan omnipresente como cabr\u00eda esperar.<\/p>\n<h2>Una llamada a la regulaci\u00f3n<\/h2>\n<p>Curiosamente, las encuestas sugieren que existe un sorprendente nivel de consenso en un punto: la necesidad de intervenci\u00f3n gubernamental en lo que respecta a la IA. Una encuesta de Ipsos realizada a principios de este a\u00f1o revel\u00f3 que m\u00e1s del sesenta por ciento de los participantes, tanto republicanos como dem\u00f3cratas, estaban de acuerdo en esta cuesti\u00f3n fundamental. Afirmaron la necesidad de que el gobierno regule la IA, aparentemente para garantizar la estabilidad econ\u00f3mica y la seguridad p\u00fablica.<\/p>\n<p>Adem\u00e1s, tambi\u00e9n se mostraron partidarios de frenar el desarrollo de la tecnolog\u00eda de IA. Aunque las razones pueden variar de una persona a otra, no es aventurado afirmar que los temores relacionados con la seguridad en el empleo, la privacidad y los monopolios tecnol\u00f3gicos probablemente pesan mucho en la opini\u00f3n p\u00fablica.<\/p>\n<p>Sin embargo, a pesar de este llamamiento al linchamiento de una supervisi\u00f3n cuidadosa y un enfoque mesurado del desarrollo de la IA, no se ha traducido de forma destacada en las agendas de las arenas pol\u00edticas. Es dif\u00edcil escuchar a los candidatos ofrecer planes detallados sobre los temores que suscita la IA o sobre c\u00f3mo pretenden controlar esta tecnolog\u00eda. Los resultados de Ipsos pintan un panorama de una opini\u00f3n p\u00fablica en desacuerdo con el enfoque pol\u00edtico, lo que indica que tal vez ya es hora de que nuestros funcionarios electos tomen nota de lo que la poblaci\u00f3n est\u00e1 se\u00f1alando.<\/p>\n<p>En conclusi\u00f3n, la Inteligencia Artificial (IA) es una preocupaci\u00f3n generalizada entre los estadounidenses, pero sigue siendo en gran medida una nota secundaria en las campa\u00f1as pol\u00edticas. De cara a futuras elecciones, la cuesti\u00f3n ser\u00e1 si las voces de los ciudadanos se traducir\u00e1n en acciones pol\u00edticas concretas en relaci\u00f3n con la IA, o si seguir\u00e1 consider\u00e1ndose una cuesti\u00f3n polarizada y marginal.<\/p>\n<p>Para profundizar en este fascinante tema, visite el art\u00edculo original <a href=\"https:\/\/www.theverge.com\/policy\/916210\/ai-midterm-elections-data-centers-jobs\" target=\"_blank\" rel=\"noopener\">aqu\u00ed<\/a>.<\/p>","protected":false},"excerpt":{"rendered":"<p>The Voice of the Public: AI, Politics and Perception Speak to any group of American citizens on their take on Artificial Intelligence (AI) and it&#8217;s likely you&#8217;ll hear a plethora of concerns. These range from the fear of job loss to ethical dilemmas posed by AI. Not surprisingly, opposition to certain AI initiatives, such as data center projects, is quite [&hellip;]<\/p>\n","protected":false},"author":1,"featured_media":6682,"comment_status":"","ping_status":"","sticky":false,"template":"","format":"standard","meta":{"_jetpack_memberships_contains_paid_content":false,"footnotes":""},"categories":[30],"tags":[],"class_list":["post-6681","post","type-post","status-publish","format-standard","has-post-thumbnail","hentry","category-social-media"],"featured_image_src":"https:\/\/implementi.ai\/wp-content\/uploads\/2026\/04\/6681-1024x683.jpg","blog_images":{"medium":"https:\/\/implementi.ai\/wp-content\/uploads\/2026\/04\/6681-300x200.jpg","large":"https:\/\/implementi.ai\/wp-content\/uploads\/2026\/04\/6681-1024x683.jpg"},"ams_acf":[],"jetpack_featured_media_url":"https:\/\/implementi.ai\/wp-content\/uploads\/2026\/04\/6681.jpg","jetpack_sharing_enabled":true,"_links":{"self":[{"href":"https:\/\/implementi.ai\/es\/wp-json\/wp\/v2\/posts\/6681","targetHints":{"allow":["GET"]}}],"collection":[{"href":"https:\/\/implementi.ai\/es\/wp-json\/wp\/v2\/posts"}],"about":[{"href":"https:\/\/implementi.ai\/es\/wp-json\/wp\/v2\/types\/post"}],"author":[{"embeddable":true,"href":"https:\/\/implementi.ai\/es\/wp-json\/wp\/v2\/users\/1"}],"replies":[{"embeddable":true,"href":"https:\/\/implementi.ai\/es\/wp-json\/wp\/v2\/comments?post=6681"}],"version-history":[{"count":0,"href":"https:\/\/implementi.ai\/es\/wp-json\/wp\/v2\/posts\/6681\/revisions"}],"wp:featuredmedia":[{"embeddable":true,"href":"https:\/\/implementi.ai\/es\/wp-json\/wp\/v2\/media\/6682"}],"wp:attachment":[{"href":"https:\/\/implementi.ai\/es\/wp-json\/wp\/v2\/media?parent=6681"}],"wp:term":[{"taxonomy":"category","embeddable":true,"href":"https:\/\/implementi.ai\/es\/wp-json\/wp\/v2\/categories?post=6681"},{"taxonomy":"post_tag","embeddable":true,"href":"https:\/\/implementi.ai\/es\/wp-json\/wp\/v2\/tags?post=6681"}],"curies":[{"name":"wp","href":"https:\/\/api.w.org\/{rel}","templated":true}]}}