{"id":6968,"date":"2026-06-16T19:04:05","date_gmt":"2026-06-16T17:04:05","guid":{"rendered":"https:\/\/implementi.ai\/en\/2026\/06\/16\/apple-2027-rumors-ai-enabled-airpods-with-cameras-second-foldable-iphone\/"},"modified":"2026-06-16T19:04:05","modified_gmt":"2026-06-16T17:04:05","slug":"rumores-sobre-apple-para-2027-airpods-con-ia-y-camara-y-un-segundo-iphone-plegable","status":"publish","type":"post","link":"https:\/\/implementi.ai\/es\/2026\/06\/16\/apple-2027-rumors-ai-enabled-airpods-with-cameras-second-foldable-iphone\/","title":{"rendered":"Rumores sobre Apple para 2027: AirPods con IA y c\u00e1mara, y un segundo iPhone plegable."},"content":{"rendered":"<p>Si eres un apasionado de la tecnolog\u00eda y sigues de cerca las innovaciones revolucionarias de Apple, probablemente hayas o\u00eddo hablar de los AirPods con c\u00e1mara en los que, seg\u00fan los rumores, la empresa estar\u00eda trabajando. Tras la reciente Conferencia Mundial de Desarrolladores (WWDC), han salido a la luz nuevos detalles sobre estos innovadores auriculares.<\/p>\n<p>La WWDC suele ser uno de los momentos \u00e1lgidos del ciclo de eventos de Apple, en el que se presentan nuevas funciones basadas en la inteligencia artificial destinadas a mejorar las plataformas de Apple. Este a\u00f1o no ha sido una excepci\u00f3n. Sin embargo, lo m\u00e1s emocionante son los detalles sobre las futuras ambiciones de Apple en materia de hardware, concretamente los AirPods equipados con c\u00e1mara.<\/p>\n<p>Seg\u00fan Mark Gurman, un destacado periodista tecnol\u00f3gico de Bloomberg que ya ha informado anteriormente sobre estos AirPods, estos auriculares de \u00faltima generaci\u00f3n est\u00e1n previstos para salir al mercado a finales de 2027. Parece que, mientras esperamos la actualizaci\u00f3n a iOS 27 de este oto\u00f1o, los nuevos AirPods se est\u00e1n probando discretamente con el iOS 28 del a\u00f1o que viene.<\/p>\n<p>Imagina unos auriculares que no solo ofrezcan un sonido n\u00edtido, sino que tambi\u00e9n est\u00e9n equipados con c\u00e1maras. Estas c\u00e1maras est\u00e1n colocadas estrat\u00e9gicamente en los tallos de los AirPods, y unas luces indican cu\u00e1ndo se est\u00e1n transfiriendo datos a la nube. Se trata de una innovaci\u00f3n que promete redefinir el concepto de los dispositivos wearables inteligentes, llev\u00e1ndolos a un nivel completamente nuevo.<\/p>\n<p>Los AirPods equipados con c\u00e1mara proporcionar\u00edan a la versi\u00f3n mejorada de Siri, el siempre \u00fatil asistente virtual, \u2018contexto visual\u2019 sobre el entorno del usuario. Siri ya no depender\u00eda \u00fanicamente de comandos de voz, sino que tambi\u00e9n procesar\u00eda informaci\u00f3n visual para ofrecer una experiencia de usuario m\u00e1s rica e interactiva.<\/p>\n<p>Los r\u00e1pidos avances en las tecnolog\u00edas basadas en la inteligencia artificial nunca dejan de sorprendernos, y el hecho de que Apple sea uno de los principales impulsores de estas innovaciones aumenta a\u00fan m\u00e1s el inter\u00e9s. Hay mucha expectaci\u00f3n en torno a estos nuevos auriculares. \u00bfC\u00f3mo cambiar\u00e1 el panorama la incorporaci\u00f3n de tecnolog\u00eda de c\u00e1mara a unos dispositivos que, por lo dem\u00e1s, se centran en el audio? Es algo que tanto los consumidores como los entusiastas de la tecnolog\u00eda esperan con impaciencia.<\/p>\n<p>Hay muchas expectativas puestas en iOS 28 y en los nuevos AirPods con c\u00e1mara, ya que ambos supondr\u00edan un avance significativo en la trayectoria tecnol\u00f3gica de Apple. Pero, conociendo a Apple y su historial de lanzamientos revolucionarios, cabe esperar que el producto final est\u00e9 a la altura de las expectativas.<\/p>\n<p>Toda esta informaci\u00f3n est\u00e1 sujeta a cambios a medida que nos acercamos a la fecha de lanzamiento prevista. Hasta entonces, el mundo tecnol\u00f3gico y los fieles seguidores de Apple seguir\u00e1n contando los d\u00edas con gran expectaci\u00f3n.<\/p>\n<p>Para conocer todos los detalles de esta noticia, consulta el <a href=\"https:\/\/www.theverge.com\/tech\/950826\/apple-airpod-camera-ai-foldable-iphone-rumor\" target=\"_blank\" rel=\"noopener\">art\u00edculo original<\/a> en The Verge.<\/p>","protected":false},"excerpt":{"rendered":"<p>If you&#8217;re a tech enthusiast who follows Apple&#8217;s groundbreaking innovations, then you&#8217;ve probably heard about the camera-equipped AirPods that the company has rumoured to be working on. In the wake of the recent Worldwide Developers Conference (WWDC), fresh details surrounding these innovative earpieces have surfaced. The WWDC usually marks a high point in Apple&#8217;s event cycle, spotlighting new AI-powered features [&hellip;]<\/p>\n","protected":false},"author":1,"featured_media":6969,"comment_status":"","ping_status":"","sticky":false,"template":"","format":"standard","meta":{"_jetpack_newsletter_access":"","_jetpack_dont_email_post_to_subs":false,"_jetpack_newsletter_tier_id":0,"_jetpack_memberships_contains_paywalled_content":false,"_jetpack_feature_clip_id":0,"_jetpack_memberships_contains_paid_content":false,"footnotes":"","jetpack_post_was_ever_published":false},"categories":[25],"tags":[],"class_list":["post-6968","post","type-post","status-publish","format-standard","has-post-thumbnail","hentry","category-audio"],"featured_image_src":"https:\/\/implementi.ai\/wp-content\/uploads\/2026\/06\/6968-1024x683.jpg","blog_images":{"medium":"https:\/\/implementi.ai\/wp-content\/uploads\/2026\/06\/6968-300x200.jpg","large":"https:\/\/implementi.ai\/wp-content\/uploads\/2026\/06\/6968-1024x683.jpg"},"ams_acf":[],"jetpack_sharing_enabled":true,"jetpack_featured_media_url":"https:\/\/implementi.ai\/wp-content\/uploads\/2026\/06\/6968.jpg","_links":{"self":[{"href":"https:\/\/implementi.ai\/es\/wp-json\/wp\/v2\/posts\/6968","targetHints":{"allow":["GET"]}}],"collection":[{"href":"https:\/\/implementi.ai\/es\/wp-json\/wp\/v2\/posts"}],"about":[{"href":"https:\/\/implementi.ai\/es\/wp-json\/wp\/v2\/types\/post"}],"author":[{"embeddable":true,"href":"https:\/\/implementi.ai\/es\/wp-json\/wp\/v2\/users\/1"}],"replies":[{"embeddable":true,"href":"https:\/\/implementi.ai\/es\/wp-json\/wp\/v2\/comments?post=6968"}],"version-history":[{"count":0,"href":"https:\/\/implementi.ai\/es\/wp-json\/wp\/v2\/posts\/6968\/revisions"}],"wp:featuredmedia":[{"embeddable":true,"href":"https:\/\/implementi.ai\/es\/wp-json\/wp\/v2\/media\/6969"}],"wp:attachment":[{"href":"https:\/\/implementi.ai\/es\/wp-json\/wp\/v2\/media?parent=6968"}],"wp:term":[{"taxonomy":"category","embeddable":true,"href":"https:\/\/implementi.ai\/es\/wp-json\/wp\/v2\/categories?post=6968"},{"taxonomy":"post_tag","embeddable":true,"href":"https:\/\/implementi.ai\/es\/wp-json\/wp\/v2\/tags?post=6968"}],"curies":[{"name":"wp","href":"https:\/\/api.w.org\/{rel}","templated":true}]}}