{"id":6978,"date":"2026-06-18T18:00:00","date_gmt":"2026-06-18T16:00:00","guid":{"rendered":"https:\/\/implementi.ai\/en\/2026\/06\/18\/amazon-staff-risk-firing-for-supporting-data-center-restrictions\/"},"modified":"2026-06-18T18:00:00","modified_gmt":"2026-06-18T16:00:00","slug":"el-personal-de-amazon-corre-el-riesgo-de-ser-despedido-por-apoyar-las-restricciones-en-los-centros-de-datos","status":"publish","type":"post","link":"https:\/\/implementi.ai\/es\/2026\/06\/18\/amazon-staff-risk-firing-for-supporting-data-center-restrictions\/","title":{"rendered":"Los empleados de Amazon se arriesgan a ser despedidos por apoyar las restricciones en los centros de datos."},"content":{"rendered":"<p>El mundo de la tecnolog\u00eda es vasto y, a menudo, desconcertante, con sus matices que se mueven en la delgada l\u00ednea entre la innovaci\u00f3n y la regulaci\u00f3n. En medio de estas complejidades, recientemente se ha producido una gran agitaci\u00f3n en torno a los centros de datos de Amazon, el gigante tecnol\u00f3gico multinacional. Los ingenieros de software con sede en Seattle expusieron su punto de vista en unas recientes audiencias celebradas por el ayuntamiento; el quid de la cuesti\u00f3n para estos profesionales era el tema de la discriminaci\u00f3n laboral basada en la expresi\u00f3n pol\u00edtica.<\/p>\n<p>Los tres ingenieros, Patrick Schloesser, Darius Irani y Liesl Wigand, comenzaron su testimonio haciendo referencia a una ordenanza municipal que proh\u00edbe expresamente este tipo de discriminaci\u00f3n. Como empleados de una empresa tan influyente como Amazon, su valiente iniciativa no solo llam\u00f3 la atenci\u00f3n sobre el tema en cuesti\u00f3n, sino que tambi\u00e9n puso en tela de juicio las pr\u00e1cticas \u00e9ticas de su empresa.<\/p>\n<p>Las matem\u00e1ticas establecen que toda acci\u00f3n tiene una reacci\u00f3n igual y opuesta. Para estas tres personas valientes, la reacci\u00f3n se produjo de una forma inesperada. Una semana despu\u00e9s de testificar, y justo un d\u00eda despu\u00e9s de que el Ayuntamiento aprobara una moratoria de gran alcance sobre los centros de datos, fueron convocados a una reuni\u00f3n repentina organizada por el departamento de \u201cRelaciones con los Empleados\u201d de Amazon.\u201d<\/p>\n<p>El tema de la reuni\u00f3n no era un reconocimiento, sino m\u00e1s bien una investigaci\u00f3n. Cada uno de estos ingenieros inform\u00f3 de que los representantes de Recursos Humanos les hab\u00edan comunicado que se hab\u00eda iniciado una investigaci\u00f3n interna en su contra. La sospecha de que la empresa est\u00e9 vigilando de cerca a sus empleados no solo resulta inquietante, sino que tambi\u00e9n plantea dudas sobre la posible infracci\u00f3n de la misma ley a la que estos valientes empleados hicieron referencia durante su testimonio.<\/p>\n<p>Estas acusaciones formuladas por los ingenieros de software, de demostrarse su veracidad, podr\u00edan sacudir los cimientos no solo de las relaciones laborales, sino tambi\u00e9n de la libertad de expresi\u00f3n en el entorno laboral de Amazon. Queda por ver c\u00f3mo afectar\u00e1n estas acusaciones al futuro, pero est\u00e1 claro que las cuestiones relacionadas con los centros de datos y la din\u00e1mica pol\u00edtica de estos intrincados espacios impulsados por la red est\u00e1n lejos de haberse resuelto.<\/p>\n<p>No nos queda m\u00e1s que aguantarnos en nuestros asientos \u2014en sentido figurado\u2014 y esperar a que se desarrolle la historia, mientras se libra la batalla entre los empleados que anteponen la \u00e9tica y la maquinaria corporativa de Amazon. En un mundo en el que los datos reinan con mano de hierro, el desenlace de esta situaci\u00f3n podr\u00eda sentar un precedente para otros gigantes tecnol\u00f3gicos y sus empleados, que esperan entre bastidores, observando c\u00f3mo se desarrolla el drama.<\/p>\n<p> A la vista de esta situaci\u00f3n, resulta evidente que el mundo de los centros de datos no se limita al \u00e1mbito de los unos y los ceros, sino que es tambi\u00e9n un mundo en el que se entrelazan la libertad pol\u00edtica, los derechos laborales y las responsabilidades corporativas. La interrelaci\u00f3n entre el mundo digital y el \u00e1mbito tan humano de los derechos ya ha comenzado en Amazon y, tal vez, sea un indicio de lo que depara el futuro para los empleados del sector tecnol\u00f3gico en todo el mundo. <\/p>\n<p><em> Para conocer m\u00e1s a fondo esta historia que va tomando forma, visita <a href=\"https:\/\/www.theverge.com\/ai-artificial-intelligence\/952180\/amazon-seattle-data-center-moratorium-aecj-disciplinary-action\" target=\"_blank\" rel=\"noopener\">The Verge<\/a>.<\/em><\/p>","protected":false},"excerpt":{"rendered":"<p>The world of technology is vast and often perplexing, with its nuances dancing on the line between innovation and regulation. Among these complexities, there has been recent turmoil surrounding data centers at Amazon, the multinational technology giant. Seattle-based software engineers declared their perspective at recent hearings held by the city council\u2014at the heart of the matter for these professionals was [&hellip;]<\/p>\n","protected":false},"author":1,"featured_media":6979,"comment_status":"","ping_status":"","sticky":false,"template":"","format":"standard","meta":{"_jetpack_newsletter_access":"","_jetpack_dont_email_post_to_subs":false,"_jetpack_newsletter_tier_id":0,"_jetpack_memberships_contains_paywalled_content":false,"_jetpack_feature_clip_id":0,"_jetpack_memberships_contains_paid_content":false,"footnotes":"","jetpack_post_was_ever_published":false},"categories":[30],"tags":[],"class_list":["post-6978","post","type-post","status-publish","format-standard","has-post-thumbnail","hentry","category-social-media"],"featured_image_src":"https:\/\/implementi.ai\/wp-content\/uploads\/2026\/06\/6978-1024x683.jpg","blog_images":{"medium":"https:\/\/implementi.ai\/wp-content\/uploads\/2026\/06\/6978-300x200.jpg","large":"https:\/\/implementi.ai\/wp-content\/uploads\/2026\/06\/6978-1024x683.jpg"},"ams_acf":[],"jetpack_sharing_enabled":true,"jetpack_featured_media_url":"https:\/\/implementi.ai\/wp-content\/uploads\/2026\/06\/6978.jpg","_links":{"self":[{"href":"https:\/\/implementi.ai\/es\/wp-json\/wp\/v2\/posts\/6978","targetHints":{"allow":["GET"]}}],"collection":[{"href":"https:\/\/implementi.ai\/es\/wp-json\/wp\/v2\/posts"}],"about":[{"href":"https:\/\/implementi.ai\/es\/wp-json\/wp\/v2\/types\/post"}],"author":[{"embeddable":true,"href":"https:\/\/implementi.ai\/es\/wp-json\/wp\/v2\/users\/1"}],"replies":[{"embeddable":true,"href":"https:\/\/implementi.ai\/es\/wp-json\/wp\/v2\/comments?post=6978"}],"version-history":[{"count":0,"href":"https:\/\/implementi.ai\/es\/wp-json\/wp\/v2\/posts\/6978\/revisions"}],"wp:featuredmedia":[{"embeddable":true,"href":"https:\/\/implementi.ai\/es\/wp-json\/wp\/v2\/media\/6979"}],"wp:attachment":[{"href":"https:\/\/implementi.ai\/es\/wp-json\/wp\/v2\/media?parent=6978"}],"wp:term":[{"taxonomy":"category","embeddable":true,"href":"https:\/\/implementi.ai\/es\/wp-json\/wp\/v2\/categories?post=6978"},{"taxonomy":"post_tag","embeddable":true,"href":"https:\/\/implementi.ai\/es\/wp-json\/wp\/v2\/tags?post=6978"}],"curies":[{"name":"wp","href":"https:\/\/api.w.org\/{rel}","templated":true}]}}