{"id":5946,"date":"2025-11-25T22:06:08","date_gmt":"2025-11-25T21:06:08","guid":{"rendered":"https:\/\/implementi.ai\/en\/2025\/11\/25\/david-sacks-attempt-to-block-state-ai-laws-backfires\/"},"modified":"2025-11-25T22:06:08","modified_gmt":"2025-11-25T21:06:08","slug":"la-tentative-de-david-sacks-de-bloquer-les-lois-etatiques-sur-lia-se-retourne-contre-lui","status":"publish","type":"post","link":"https:\/\/implementi.ai\/fr\/2025\/11\/25\/david-sacks-attempt-to-block-state-ai-laws-backfires\/","title":{"rendered":"La tentative de David Sacks visant \u00e0 bloquer les lois \u00e9tatiques sur l'IA se retourne contre lui"},"content":{"rendered":"<div>\n<p>Des rumeurs concernant un changement radical dans la r\u00e9glementation politique ont envahi Washington ce mercredi. Ces rumeurs faisaient \u00e9tat d'une annonce imminente de la Maison Blanche : un d\u00e9cret visant \u00e0 prendre le contr\u00f4le des lois \u00e9tatiques sur l'IA et \u00e0 placer ce pouvoir r\u00e9glementaire entre les mains du gouvernement f\u00e9d\u00e9ral. Comme cela arrive souvent dans notre monde hyperconnect\u00e9, la nouvelle a rapidement fuit\u00e9 sur Internet, provoquant une agitation parmi les d\u00e9cideurs politiques et les juristes qui ont analys\u00e9 f\u00e9brilement chaque ligne du d\u00e9cret pr\u00e9sum\u00e9.<\/p>\n<p>Plusieurs aspects de ce changement de politique pr\u00e9sum\u00e9 ont suscit\u00e9 plus que de simples interrogations. Pour certains observateurs, l'id\u00e9e dans son ensemble semblait politiquement irr\u00e9alisable, car elle aurait pour effet d'annuler le pouvoir des \u00c9tats sur les questions li\u00e9es \u00e0 l'IA. Pour d'autres, certaines parties du d\u00e9cret semblaient excessivement ambitieuses, \u00e0 la limite de la l\u00e9galit\u00e9. Sans parler des nombreuses agences f\u00e9d\u00e9rales qui semblaient avoir \u00e9t\u00e9 mises \u00e0 l'\u00e9cart, exclues des discussions d\u00e9cisionnelles concernant l'avenir de la gouvernance de l'intelligence artificielle.<\/p>\n<p>Mais ce qui a vraiment attir\u00e9 l'attention des observateurs, c'est l'\u00e9tendue des pouvoirs que ce d\u00e9cret semblait conf\u00e9rer \u00e0 un individu en particulier : un milliardaire sud-africain du secteur des technologies. Se pourrait-il que l'avenir de la gouvernance de l'intelligence artificielle aux \u00c9tats-Unis soit fa\u00e7onn\u00e9 par un seul individu, certes tr\u00e8s puissant ? Une mesure comme celle-ci donnerait un levier imparable au milliardaire, et l'ampleur du transfert de pouvoir ajoute une gravit\u00e9 particuli\u00e8re \u00e0 son r\u00f4le.<\/p>\n<p>Pour l'instant, en attendant les annonces officielles, nous restons submerg\u00e9s par une vague de conjectures et de rumeurs non officielles. L'\u00e8re de l'intelligence artificielle continue de repousser les limites, tant en mati\u00e8re d'innovation technologique que de discussions r\u00e9glementaires, et il est clair que la voie \u00e0 suivre sera sem\u00e9e d'emb\u00fbches. De la gestion des implications \u00e9thiques des progr\u00e8s de l'IA \u00e0 la recherche d'un \u00e9quilibre entre la gouvernance locale et f\u00e9d\u00e9rale, le chemin \u00e0 parcourir est sem\u00e9 d'emb\u00fbches.<\/p>\n<p>Cette d\u00e9cision pourrait marquer le d\u00e9but d'un nouveau chapitre dans l'histoire de l'IA. L'\u00e9volution potentielle de la r\u00e9glementation laisse entrevoir le r\u00f4le consid\u00e9rable que l'intelligence artificielle est appel\u00e9e \u00e0 jouer dans nos soci\u00e9t\u00e9s. Cependant, comme toujours, un grand pouvoir implique de grandes responsabilit\u00e9s. Il reste \u00e0 voir comment cette \u00e9volution se concr\u00e9tisera et si, au final, le transfert du pouvoir r\u00e9glementaire des \u00c9tats vers le gouvernement f\u00e9d\u00e9ral s'av\u00e9rera b\u00e9n\u00e9fique.<\/p>\n<p>\u00c0 plus grande \u00e9chelle, ces d\u00e9veloppements soulignent la n\u00e9cessit\u00e9 cruciale d'un dialogue continu sur l'influence et la port\u00e9e de l'IA. Peu importe qui tient les r\u00eanes, naviguer dans ce nouveau monde n\u00e9cessitera une approche multidisciplinaire et \u00e9quilibr\u00e9e, une approche qui allie savoir-faire technique et sensibilit\u00e9 \u00e9thique aigu\u00eb.<\/p>\n<p>Restez \u00e0 l'\u00e9coute et surveillez cet espace pour obtenir plus d'informations sur cette nouvelle captivante.<\/p>\n<p><strong>Source : <\/strong><a href=\"https:\/\/www.theverge.com\/ai-artificial-intelligence\/829179\/david-sacks-ai-executive-order\" target=\"_blank\" rel=\"noopener\">The Verge<\/a><\/p>\n<\/div>","protected":false},"excerpt":{"rendered":"<p>Whispers of a groundbreaking shift in policy regulation swept through Washington this Wednesday. The rumors pointed towards an upcoming announcement from the White House &#8211; an executive order that intends to seize control over state AI laws, and place that regulatory power into the hands of the federal government. As it often happens in our hyper-connected world, the news swiftly [&hellip;]<\/p>\n","protected":false},"author":1,"featured_media":5947,"comment_status":"","ping_status":"","sticky":false,"template":"","format":"standard","meta":{"_jetpack_newsletter_access":"","_jetpack_dont_email_post_to_subs":false,"_jetpack_newsletter_tier_id":0,"_jetpack_memberships_contains_paywalled_content":false,"_jetpack_feature_clip_id":0,"_jetpack_memberships_contains_paid_content":false,"footnotes":"","jetpack_post_was_ever_published":false},"categories":[26],"tags":[],"class_list":["post-5946","post","type-post","status-publish","format-standard","has-post-thumbnail","hentry","category-automation"],"featured_image_src":"https:\/\/implementi.ai\/wp-content\/uploads\/2025\/11\/5946-1024x683.jpg","blog_images":{"medium":"https:\/\/implementi.ai\/wp-content\/uploads\/2025\/11\/5946-300x200.jpg","large":"https:\/\/implementi.ai\/wp-content\/uploads\/2025\/11\/5946-1024x683.jpg"},"ams_acf":[],"jetpack_sharing_enabled":true,"jetpack_featured_media_url":"https:\/\/implementi.ai\/wp-content\/uploads\/2025\/11\/5946.jpg","_links":{"self":[{"href":"https:\/\/implementi.ai\/fr\/wp-json\/wp\/v2\/posts\/5946","targetHints":{"allow":["GET"]}}],"collection":[{"href":"https:\/\/implementi.ai\/fr\/wp-json\/wp\/v2\/posts"}],"about":[{"href":"https:\/\/implementi.ai\/fr\/wp-json\/wp\/v2\/types\/post"}],"author":[{"embeddable":true,"href":"https:\/\/implementi.ai\/fr\/wp-json\/wp\/v2\/users\/1"}],"replies":[{"embeddable":true,"href":"https:\/\/implementi.ai\/fr\/wp-json\/wp\/v2\/comments?post=5946"}],"version-history":[{"count":0,"href":"https:\/\/implementi.ai\/fr\/wp-json\/wp\/v2\/posts\/5946\/revisions"}],"wp:featuredmedia":[{"embeddable":true,"href":"https:\/\/implementi.ai\/fr\/wp-json\/wp\/v2\/media\/5947"}],"wp:attachment":[{"href":"https:\/\/implementi.ai\/fr\/wp-json\/wp\/v2\/media?parent=5946"}],"wp:term":[{"taxonomy":"category","embeddable":true,"href":"https:\/\/implementi.ai\/fr\/wp-json\/wp\/v2\/categories?post=5946"},{"taxonomy":"post_tag","embeddable":true,"href":"https:\/\/implementi.ai\/fr\/wp-json\/wp\/v2\/tags?post=5946"}],"curies":[{"name":"wp","href":"https:\/\/api.w.org\/{rel}","templated":true}]}}