{"id":6968,"date":"2026-06-16T19:04:05","date_gmt":"2026-06-16T17:04:05","guid":{"rendered":"https:\/\/implementi.ai\/en\/2026\/06\/16\/apple-2027-rumors-ai-enabled-airpods-with-cameras-second-foldable-iphone\/"},"modified":"2026-06-16T19:04:05","modified_gmt":"2026-06-16T17:04:05","slug":"rumeurs-apple-2027-des-airpods-dotes-dia-et-de-cameras-un-deuxieme-iphone-pliable","status":"publish","type":"post","link":"https:\/\/implementi.ai\/fr\/2026\/06\/16\/apple-2027-rumors-ai-enabled-airpods-with-cameras-second-foldable-iphone\/","title":{"rendered":"Rumeurs sur Apple pour 2027 : des AirPods dot\u00e9s d'IA et d'une cam\u00e9ra, ainsi qu'un deuxi\u00e8me iPhone pliable."},"content":{"rendered":"<p>Si vous \u00eates un passionn\u00e9 de technologie et que vous suivez de pr\u00e8s les innovations r\u00e9volutionnaires d\u2019Apple, vous avez sans doute entendu parler des AirPods \u00e9quip\u00e9s d\u2019une cam\u00e9ra sur lesquels la soci\u00e9t\u00e9 serait en train de travailler, selon certaines rumeurs. \u00c0 la suite de la r\u00e9cente Conf\u00e9rence mondiale des d\u00e9veloppeurs (WWDC), de nouveaux d\u00e9tails concernant ces \u00e9couteurs innovants ont fait surface.<\/p>\n<p>La WWDC marque g\u00e9n\u00e9ralement un moment fort dans le calendrier des \u00e9v\u00e9nements d\u2019Apple, mettant en avant les nouvelles fonctionnalit\u00e9s bas\u00e9es sur l\u2019IA destin\u00e9es \u00e0 am\u00e9liorer les plateformes Apple. Cette ann\u00e9e n\u2019a pas fait exception. Mais ce qui est encore plus passionnant, ce sont les d\u00e9tails concernant les futures ambitions d\u2019Apple en mati\u00e8re de mat\u00e9riel, notamment les AirPods \u00e9quip\u00e9s d\u2019une cam\u00e9ra.<\/p>\n<p>Ces \u00e9couteurs \u00e0 la pointe de la technologie devraient \u00eatre commercialis\u00e9s fin 2027, selon Mark Gurman, un journaliste technologique r\u00e9put\u00e9 de Bloomberg qui a d\u00e9j\u00e0 \u00e9voqu\u00e9 ces AirPods par le pass\u00e9. Il semblerait que, tandis que nous attendons avec impatience la mise \u00e0 jour iOS 27 pr\u00e9vue cet automne, les nouveaux AirPods soient discr\u00e8tement test\u00e9s avec la version iOS 28 pr\u00e9vue pour l'ann\u00e9e prochaine.<\/p>\n<p>Imaginez un \u00e9couteur qui ne se contente pas d'offrir un son d'une clart\u00e9 exceptionnelle, mais qui soit \u00e9galement \u00e9quip\u00e9 de cam\u00e9ras. Ces cam\u00e9ras sont plac\u00e9es \u00e0 des endroits strat\u00e9giques sur les tiges des AirPods, et des voyants lumineux indiquent lorsque des donn\u00e9es sont transf\u00e9r\u00e9es vers le cloud. Il s'agit d'une innovation qui promet de red\u00e9finir le concept des appareils portables intelligents, en les faisant passer \u00e0 un tout autre niveau.<\/p>\n<p>Les AirPods \u00e9quip\u00e9s d'une cam\u00e9ra fourniraient \u00e0 la version am\u00e9lior\u00e9e de Siri, l'assistant virtuel toujours pr\u00eat \u00e0 vous aider, un \u2018 contexte visuel \u2019 sur votre environnement. Siri ne se baserait plus uniquement sur des commandes vocales, mais traiterait \u00e9galement des informations visuelles afin d'offrir une exp\u00e9rience utilisateur enrichie et interactive.<\/p>\n<p>Les progr\u00e8s fulgurants des technologies bas\u00e9es sur l'IA ne cessent de nous \u00e9tonner, et le fait qu'Apple soit un acteur majeur dans la repousse des limites de ces innovations ne fait qu'ajouter \u00e0 l'engouement. Ces nouveaux \u00e9couteurs suscitent beaucoup d'attente. Comment l'int\u00e9gration d'une technologie de cam\u00e9ra dans des appareils jusqu'alors ax\u00e9s sur l'audio va-t-elle bouleverser le paysage ? C'est une question \u00e0 laquelle les consommateurs et les passionn\u00e9s de technologie attendent avec impatience de conna\u00eetre la r\u00e9ponse.<\/p>\n<p>Les attentes sont grandes concernant iOS 28 et les nouveaux AirPods \u00e9quip\u00e9s d'une cam\u00e9ra, car ces deux produits repr\u00e9senteraient une avanc\u00e9e consid\u00e9rable dans le parcours technologique d'Apple. Mais connaissant Apple et son histoire marqu\u00e9e par des lancements r\u00e9volutionnaires, on peut s'attendre \u00e0 ce que le produit final soit \u00e0 la hauteur du battage m\u00e9diatique.<\/p>\n<p>Toutes ces informations sont susceptibles d'\u00e9voluer \u00e0 mesure que nous nous rapprochons de la date de lancement pr\u00e9vue. D'ici l\u00e0, le monde de la technologie et les fans inconditionnels d'Apple compteront les jours avec impatience.<\/p>\n<p>Pour en savoir plus sur cette actualit\u00e9, consultez l'article <a href=\"https:\/\/www.theverge.com\/tech\/950826\/apple-airpod-camera-ai-foldable-iphone-rumor\" target=\"_blank\" rel=\"noopener\">article original<\/a> sur The Verge.<\/p>","protected":false},"excerpt":{"rendered":"<p>If you&#8217;re a tech enthusiast who follows Apple&#8217;s groundbreaking innovations, then you&#8217;ve probably heard about the camera-equipped AirPods that the company has rumoured to be working on. In the wake of the recent Worldwide Developers Conference (WWDC), fresh details surrounding these innovative earpieces have surfaced. The WWDC usually marks a high point in Apple&#8217;s event cycle, spotlighting new AI-powered features [&hellip;]<\/p>\n","protected":false},"author":1,"featured_media":6969,"comment_status":"","ping_status":"","sticky":false,"template":"","format":"standard","meta":{"_jetpack_newsletter_access":"","_jetpack_dont_email_post_to_subs":false,"_jetpack_newsletter_tier_id":0,"_jetpack_memberships_contains_paywalled_content":false,"_jetpack_feature_clip_id":0,"_jetpack_memberships_contains_paid_content":false,"footnotes":"","jetpack_post_was_ever_published":false},"categories":[25],"tags":[],"class_list":["post-6968","post","type-post","status-publish","format-standard","has-post-thumbnail","hentry","category-audio"],"featured_image_src":"https:\/\/implementi.ai\/wp-content\/uploads\/2026\/06\/6968-1024x683.jpg","blog_images":{"medium":"https:\/\/implementi.ai\/wp-content\/uploads\/2026\/06\/6968-300x200.jpg","large":"https:\/\/implementi.ai\/wp-content\/uploads\/2026\/06\/6968-1024x683.jpg"},"ams_acf":[],"jetpack_sharing_enabled":true,"jetpack_featured_media_url":"https:\/\/implementi.ai\/wp-content\/uploads\/2026\/06\/6968.jpg","_links":{"self":[{"href":"https:\/\/implementi.ai\/fr\/wp-json\/wp\/v2\/posts\/6968","targetHints":{"allow":["GET"]}}],"collection":[{"href":"https:\/\/implementi.ai\/fr\/wp-json\/wp\/v2\/posts"}],"about":[{"href":"https:\/\/implementi.ai\/fr\/wp-json\/wp\/v2\/types\/post"}],"author":[{"embeddable":true,"href":"https:\/\/implementi.ai\/fr\/wp-json\/wp\/v2\/users\/1"}],"replies":[{"embeddable":true,"href":"https:\/\/implementi.ai\/fr\/wp-json\/wp\/v2\/comments?post=6968"}],"version-history":[{"count":0,"href":"https:\/\/implementi.ai\/fr\/wp-json\/wp\/v2\/posts\/6968\/revisions"}],"wp:featuredmedia":[{"embeddable":true,"href":"https:\/\/implementi.ai\/fr\/wp-json\/wp\/v2\/media\/6969"}],"wp:attachment":[{"href":"https:\/\/implementi.ai\/fr\/wp-json\/wp\/v2\/media?parent=6968"}],"wp:term":[{"taxonomy":"category","embeddable":true,"href":"https:\/\/implementi.ai\/fr\/wp-json\/wp\/v2\/categories?post=6968"},{"taxonomy":"post_tag","embeddable":true,"href":"https:\/\/implementi.ai\/fr\/wp-json\/wp\/v2\/tags?post=6968"}],"curies":[{"name":"wp","href":"https:\/\/api.w.org\/{rel}","templated":true}]}}