{"id":7084,"date":"2026-07-12T22:10:19","date_gmt":"2026-07-12T20:10:19","guid":{"rendered":"https:\/\/implementi.ai\/en\/2026\/07\/12\/lorde-calls-ray-ban-meta-ai-glasses-unsexy\/"},"modified":"2026-07-12T22:10:19","modified_gmt":"2026-07-12T20:10:19","slug":"lorde-qualifie-les-lunettes-meta-ai-de-ray-ban-de-pas-sexy","status":"publish","type":"post","link":"https:\/\/implementi.ai\/fr\/2026\/07\/12\/lorde-calls-ray-ban-meta-ai-glasses-unsexy\/","title":{"rendered":"Lorde qualifie les lunettes Meta AI de Ray-Ban de \u2018 pas sexy \u2019"},"content":{"rendered":"<p><!DOCTYPE html><br \/>\n<html><br \/>\n<head><\/p>\n<style>\np {font-family: Arial, sans-serif;\n   font-size: 1.1em;\n   text-align: justify;\n  }\n<\/style>\n<p><\/head><br \/>\n<body><\/p>\n<p>S\u2019il y a bien une chose \u00e0 laquelle Lorde nous a habitu\u00e9s au fil des ans, c\u2019est que l\u2019artiste n\u2019h\u00e9site jamais \u00e0 donner son avis \u2013 qu\u2019il s\u2019agisse des normes sociales ou des gadgets technologiques. Jeudi dernier, lors du Real Cool Festival \u00e0 Madrid, l\u2019interpr\u00e8te de \u2018 Solar Power \u2019 a une nouvelle fois donn\u00e9 un aper\u00e7u de sa personnalit\u00e9 au franc-parler en se lan\u00e7ant dans une diatribe surprenante contre une technologie \u00e9mergente : les lunettes dot\u00e9es d\u2019intelligence artificielle, sans pour autant citer de marques sp\u00e9cifiques.<\/p>\n<p>On pourrait supposer qu'elle faisait en r\u00e9alit\u00e9 indirectement r\u00e9f\u00e9rence \u00e0 la paire de lunettes connect\u00e9es dot\u00e9es d'IA r\u00e9cemment d\u00e9velopp\u00e9e conjointement par Ray-Ban et Meta, ces derniers figurant parmi les sponsors du festival. Pour les non-initi\u00e9s, ces lunettes connect\u00e9es offrent des fonctionnalit\u00e9s telles que la prise de photos et de vid\u00e9os, les commandes vocales et la connectivit\u00e9 Bluetooth, et estompent ainsi consid\u00e9rablement la fronti\u00e8re entre le monde num\u00e9rique et le monde physique.<\/p>\n<p>Des extraits de son discours passionn\u00e9 ont \u00e9t\u00e9 partag\u00e9s par ses fans sur plusieurs r\u00e9seaux sociaux, o\u00f9 l'on pouvait entendre la laur\u00e9ate d'un Grammy s'adresser \u00e0 la foule. Apr\u00e8s avoir remerci\u00e9 son public, comme \u00e0 son habitude, elle encha\u00eene avec un discours alarmant sur notre r\u00e9alit\u00e9.<\/p>\n<p>Un passage marquant de son monologue exprimait son inqui\u00e9tude face \u00e0 la difficult\u00e9 croissante de distinguer le r\u00e9el de l\u2019artificiel, une remarque qui prend tout son sens au vu de l\u2019essor des technologies d\u2019IA. \u201c On ne sait pas si quelqu\u2019un porte des lunettes de soleil ou s\u2019il porte ces putains de trucs de merde\u2026 Je peux juste dire, pour\u2026 \u201d, sa phrase s\u2019interrompant assez brusquement. <\/p>\n<p>S\u2019il est toujours r\u00e9jouissant de voir des artistes exprimer leurs pr\u00e9occupations et leurs opinions sur des questions de soci\u00e9t\u00e9, attirant ainsi l\u2019attention de millions d\u2019abonn\u00e9s qui, sans cela, n\u2019y pr\u00eateraient peut-\u00eatre pas attention, nous devons \u00e9galement faire preuve de prudence et ne pas fonder nos convictions uniquement sur l\u2019opinion d\u2019une seule personne. En fin de compte, l\u2019intelligence artificielle est un outil dont l\u2019utilisation et les implications sont subjectives et changeantes : elle peut \u00eatre b\u00e9n\u00e9fique ou n\u00e9faste selon la mani\u00e8re dont nous l\u2019utilisons. C\u2019est un d\u00e9bat que nous devons, en tant que soci\u00e9t\u00e9, continuer \u00e0 mener, avec ou sans les remarques fracassantes de Lorde.<\/p>\n<p>Pour en savoir plus sur le concert de Lorde \u00e0 Madrid et son discours controvers\u00e9 contre les lunettes \u00e0 IA, rendez-vous sur <a href=\"https:\/\/www.theverge.com\/ai-artificial-intelligence\/964539\/lorde-says-ray-ban-meta-ai-glasses-are-not-sexy\" target=\"_blank\" rel=\"noopener\">The Verge<\/a> pour lire l'article complet.<\/p>\n<p><\/body><br \/>\n<\/html><\/p>","protected":false},"excerpt":{"rendered":"<p>If there&#8217;s one thing we&#8217;ve come to expect from Lorde over the years, it&#8217;s that the music artist is never shy about sharing her opinion &#8211; covering a wide swath from societal norms to tech gadgets. Last Thursday, at the Real Cool Festival in Madrid, the &#8216;Solar Power&#8217; artist gave another taste of her outspoken personality by launching into a [&hellip;]<\/p>\n","protected":false},"author":2,"featured_media":7086,"comment_status":"","ping_status":"","sticky":false,"template":"","format":"standard","meta":{"_jetpack_newsletter_access":"","_jetpack_dont_email_post_to_subs":false,"_jetpack_newsletter_tier_id":0,"_jetpack_memberships_contains_paywalled_content":false,"_jetpack_feature_clip_id":0,"_jetpack_memberships_contains_paid_content":false,"footnotes":"","jetpack_post_was_ever_published":false},"categories":[30],"tags":[],"class_list":["post-7084","post","type-post","status-publish","format-standard","has-post-thumbnail","hentry","category-social-media"],"featured_image_src":"https:\/\/implementi.ai\/wp-content\/uploads\/2026\/07\/7084-1024x683.jpg","blog_images":{"medium":"https:\/\/implementi.ai\/wp-content\/uploads\/2026\/07\/7084-300x200.jpg","large":"https:\/\/implementi.ai\/wp-content\/uploads\/2026\/07\/7084-1024x683.jpg"},"ams_acf":[],"jetpack_sharing_enabled":true,"jetpack_featured_media_url":"https:\/\/implementi.ai\/wp-content\/uploads\/2026\/07\/7084.jpg","_links":{"self":[{"href":"https:\/\/implementi.ai\/fr\/wp-json\/wp\/v2\/posts\/7084","targetHints":{"allow":["GET"]}}],"collection":[{"href":"https:\/\/implementi.ai\/fr\/wp-json\/wp\/v2\/posts"}],"about":[{"href":"https:\/\/implementi.ai\/fr\/wp-json\/wp\/v2\/types\/post"}],"author":[{"embeddable":true,"href":"https:\/\/implementi.ai\/fr\/wp-json\/wp\/v2\/users\/2"}],"replies":[{"embeddable":true,"href":"https:\/\/implementi.ai\/fr\/wp-json\/wp\/v2\/comments?post=7084"}],"version-history":[{"count":0,"href":"https:\/\/implementi.ai\/fr\/wp-json\/wp\/v2\/posts\/7084\/revisions"}],"wp:featuredmedia":[{"embeddable":true,"href":"https:\/\/implementi.ai\/fr\/wp-json\/wp\/v2\/media\/7086"}],"wp:attachment":[{"href":"https:\/\/implementi.ai\/fr\/wp-json\/wp\/v2\/media?parent=7084"}],"wp:term":[{"taxonomy":"category","embeddable":true,"href":"https:\/\/implementi.ai\/fr\/wp-json\/wp\/v2\/categories?post=7084"},{"taxonomy":"post_tag","embeddable":true,"href":"https:\/\/implementi.ai\/fr\/wp-json\/wp\/v2\/tags?post=7084"}],"curies":[{"name":"wp","href":"https:\/\/api.w.org\/{rel}","templated":true}]}}