{"id":7438,"date":"2026-08-30T17:35:10","date_gmt":"2026-08-30T15:35:10","guid":{"rendered":"https:\/\/implementi.ai\/en\/2026\/08\/30\/governor-abbott-of-texas-halts-funding-for-additional-flock-cameras\/"},"modified":"2026-08-30T17:35:10","modified_gmt":"2026-08-30T15:35:10","slug":"le-gouverneur-abbott-du-texas-suspend-le-financement-destine-a-linstallation-de-cameras-supplementaires-pour-surveiller-les-troupeaux","status":"publish","type":"post","link":"https:\/\/implementi.ai\/fr\/2026\/08\/30\/governor-abbott-of-texas-halts-funding-for-additional-flock-cameras\/","title":{"rendered":"Le gouverneur Abbott du Texas suspend le financement de l'installation de cam\u00e9ras suppl\u00e9mentaires destin\u00e9es \u00e0 la surveillance des troupeaux."},"content":{"rendered":"<div>\n<p>Alors que la technologie moderne et la politique ne cessent de s'entrem\u00ealer, une nouvelle pol\u00e9mique est en train de na\u00eetre. Cette fois-ci, elle concerne Flock, une marque de cam\u00e9ras de surveillance dot\u00e9es d'intelligence artificielle. La pol\u00e9mique a pris une telle ampleur que le gouverneur du Texas, Greg Abbott, a gel\u00e9 les d\u00e9penses de l'\u00c9tat consacr\u00e9es \u00e0 ces cam\u00e9ras, mettant ainsi un terme \u00e0 l'injection de fonds qui s'\u00e9levait jusqu'\u00e0 pr\u00e9sent \u00e0 la somme astronomique de $30 millions.<\/p>\n<p>Ces fonds provenaient d\u2019une source inattendue : une redevance \u00ab $1 \u00bb pr\u00e9lev\u00e9e sur les contrats d\u2019assurance. Cette mesure avait \u00e9t\u00e9 pr\u00e9sent\u00e9e comme un moyen de lutter contre le vol de pots catalytiques, un probl\u00e8me tr\u00e8s r\u00e9pandu dans l\u2019\u00c9tat. Mais alors que nous pensions que cette solution ing\u00e9nieuse \u00e9tait \u00e0 la hauteur de ses promesses, une enqu\u00eate du Texas Tribune a lev\u00e9 le voile sur une r\u00e9alit\u00e9 inqui\u00e9tante.<\/p>\n<h2>Le co\u00fbt de la vie priv\u00e9e<\/h2>\n<p>Alors que la cam\u00e9ra Flock \u00e9tait apparue comme un chevalier en armure \u00e9tincelante, apportant une solution au probl\u00e8me r\u00e9current des vols dans l'\u00c9tat, elle est devenue elle-m\u00eame une source d'inqui\u00e9tude croissante. Il semble que la crainte suscit\u00e9e par le spectre de \u2019 Big Brother \u00bb planant sur la vie de citoyens innocents ne se limite pas \u00e0 un seul bord de l\u2019\u00e9chiquier politique ; tous bords confondus, politiciens et citoyens expriment un profond malaise face aux probl\u00e8mes de vie priv\u00e9e li\u00e9s \u00e0 cet outil technologique.<\/p>\n<p>Pour bien faire comprendre la gravit\u00e9 de la situation, de nombreux rapports ont r\u00e9v\u00e9l\u00e9 des cas d\u2019agents suspendus ou poursuivis au p\u00e9nal pour avoir d\u00e9tourn\u00e9 les syst\u00e8mes Flock. Il serait facile de rejeter la responsabilit\u00e9 de ces d\u00e9faillances sur ces agents pris individuellement ; cependant, il est \u00e9galement essentiel de remettre en question les structures du pouvoir qui ont rendu possible, au d\u00e9part, ce type de surveillance et d\u2019abus du syst\u00e8me.<\/p>\n<h2>Un avenir incertain ?<\/h2>\n<p>Avec le gel des d\u00e9penses d\u00e9cr\u00e9t\u00e9 par le gouverneur Abbott, il est clair que cette affaire a mis un frein au programme \u00ab Flock Camera \u00bb. Cependant, on ne sait pas encore ce que cela pourrait signifier pour l'avenir. Le programme \u00ab Flock Camera \u00bb sera-t-il relanc\u00e9 une fois que la situation se sera calm\u00e9e ? Ou sa cr\u00e9dibilit\u00e9 a-t-elle \u00e9t\u00e9 irr\u00e9m\u00e9diablement compromise ?<\/p>\n<p>De plus, dans une perspective plus large, quelles sont les implications de cet \u00e9pisode pour le droit des citoyens \u00e0 la vie priv\u00e9e ? Le gouvernement texan va-t-il revoir son utilisation des technologies de surveillance, ou les solutions futures devront-elles trouver un meilleur \u00e9quilibre entre s\u00e9curit\u00e9 et vie priv\u00e9e ? Seul l'avenir nous le dira.<\/p>\n<p>Pour l\u2019instant, l\u2019un des principaux enseignements \u00e0 retenir est la puissance du journalisme d\u2019investigation. Sans l\u2019enqu\u00eate du Texas Tribune, la v\u00e9rit\u00e9 sur l\u2019utilisation par l\u2019\u00c9tat des fonds publics pour les cam\u00e9ras Flock aurait pu rester cach\u00e9e ind\u00e9finiment. Et cela nous rappelle peut-\u00eatre aussi l\u2019un de nos outils les plus puissants en tant que citoyens : rester inform\u00e9s et demander des comptes aux d\u00e9tenteurs du pouvoir.<\/p>\n<p><em><a href=\"https:\/\/www.theverge.com\/ai-artificial-intelligence\/986541\/texas-governor-abbott-flock-cameras\" target=\"_blank\" rel=\"noopener\">Article original publi\u00e9 sur The Verge.<\/a><\/em><\/p>\n<\/div>","protected":false},"excerpt":{"rendered":"<p>As modern tech and politics continue to interweave, a new controversy is brewing. This time, it&#8217;s around Flock &#8211; a brand of AI surveillance cameras. The backlash has grown to such an extent that Texas Governor Greg Abbott froze state spending on them, pulling the plug on the injection of funds that have amounted to a staggering $30 million thus [&hellip;]<\/p>\n","protected":false},"author":1,"featured_media":7439,"comment_status":"","ping_status":"","sticky":false,"template":"","format":"standard","meta":{"_jetpack_newsletter_access":"","_jetpack_dont_email_post_to_subs":false,"_jetpack_newsletter_tier_id":0,"_jetpack_memberships_contains_paywalled_content":false,"_jetpack_feature_clip_id":0,"_jetpack_memberships_contains_paid_content":false,"footnotes":"","jetpack_post_was_ever_published":false},"categories":[27],"tags":[],"class_list":["post-7438","post","type-post","status-publish","format-standard","has-post-thumbnail","hentry","category-images"],"featured_image_src":"https:\/\/implementi.ai\/wp-content\/uploads\/2026\/08\/7438-1024x683.jpg","blog_images":{"medium":"https:\/\/implementi.ai\/wp-content\/uploads\/2026\/08\/7438-300x200.jpg","large":"https:\/\/implementi.ai\/wp-content\/uploads\/2026\/08\/7438-1024x683.jpg"},"ams_acf":[],"jetpack_sharing_enabled":true,"jetpack_featured_media_url":"https:\/\/implementi.ai\/wp-content\/uploads\/2026\/08\/7438.jpg","_links":{"self":[{"href":"https:\/\/implementi.ai\/fr\/wp-json\/wp\/v2\/posts\/7438","targetHints":{"allow":["GET"]}}],"collection":[{"href":"https:\/\/implementi.ai\/fr\/wp-json\/wp\/v2\/posts"}],"about":[{"href":"https:\/\/implementi.ai\/fr\/wp-json\/wp\/v2\/types\/post"}],"author":[{"embeddable":true,"href":"https:\/\/implementi.ai\/fr\/wp-json\/wp\/v2\/users\/1"}],"replies":[{"embeddable":true,"href":"https:\/\/implementi.ai\/fr\/wp-json\/wp\/v2\/comments?post=7438"}],"version-history":[{"count":0,"href":"https:\/\/implementi.ai\/fr\/wp-json\/wp\/v2\/posts\/7438\/revisions"}],"wp:featuredmedia":[{"embeddable":true,"href":"https:\/\/implementi.ai\/fr\/wp-json\/wp\/v2\/media\/7439"}],"wp:attachment":[{"href":"https:\/\/implementi.ai\/fr\/wp-json\/wp\/v2\/media?parent=7438"}],"wp:term":[{"taxonomy":"category","embeddable":true,"href":"https:\/\/implementi.ai\/fr\/wp-json\/wp\/v2\/categories?post=7438"},{"taxonomy":"post_tag","embeddable":true,"href":"https:\/\/implementi.ai\/fr\/wp-json\/wp\/v2\/tags?post=7438"}],"curies":[{"name":"wp","href":"https:\/\/api.w.org\/{rel}","templated":true}]}}