{"id":6968,"date":"2026-06-16T19:04:05","date_gmt":"2026-06-16T17:04:05","guid":{"rendered":"https:\/\/implementi.ai\/en\/2026\/06\/16\/apple-2027-rumors-ai-enabled-airpods-with-cameras-second-foldable-iphone\/"},"modified":"2026-06-16T19:04:05","modified_gmt":"2026-06-16T17:04:05","slug":"plotki-dotyczace-apple-na-rok-2027-airpods-z-obsluga-sztucznej-inteligencji-i-wbudowanymi-kamerami-oraz-drugi-skladany-iphone","status":"publish","type":"post","link":"https:\/\/implementi.ai\/pl\/2026\/06\/16\/apple-2027-rumors-ai-enabled-airpods-with-cameras-second-foldable-iphone\/","title":{"rendered":"Plotki dotycz\u0105ce Apple na rok 2027: AirPods z funkcj\u0105 AI, aparatami i drugi sk\u0142adany iPhone."},"content":{"rendered":"<p>Je\u015bli jeste\u015b entuzjast\u0105 technologii i \u015bledzisz prze\u0142omowe innowacje firmy Apple, to prawdopodobnie s\u0142ysza\u0142e\u015b ju\u017c o s\u0142uchawkach AirPods wyposa\u017conych w aparat, nad kt\u00f3rymi \u2013 jak g\u0142osi plotka \u2013 firma obecnie pracuje. Po niedawnej konferencji Worldwide Developers Conference (WWDC) pojawi\u0142y si\u0119 nowe szczeg\u00f3\u0142y dotycz\u0105ce tych innowacyjnych s\u0142uchawek.<\/p>\n<p>Konferencja WWDC zazwyczaj stanowi kulminacyjny punkt w cyklu wydarze\u0144 firmy Apple, podczas kt\u00f3rej prezentowane s\u0105 nowe funkcje oparte na sztucznej inteligencji, maj\u0105ce na celu ulepszenie platform Apple. W tym roku nie by\u0142o inaczej. Jeszcze bardziej ekscytuj\u0105ce s\u0105 jednak szczeg\u00f3\u0142y dotycz\u0105ce przysz\u0142ych plan\u00f3w Apple w zakresie sprz\u0119tu, a konkretnie AirPods wyposa\u017conych w aparat.<\/p>\n<p>Wed\u0142ug Marka Gurmana, znanego dziennikarza technologicznego z agencji Bloomberg, kt\u00f3ry ju\u017c wcze\u015bniej pisa\u0142 o tych AirPodach, te najnowocze\u015bniejsze s\u0142uchawki douszne maj\u0105 zosta\u0107 wprowadzone na rynek pod koniec 2027 roku. Wygl\u0105da na to, \u017ce podczas gdy my z niecierpliwo\u015bci\u0105 oczekujemy jesiennej aktualizacji do iOS 27, nowe AirPods s\u0105 po cichu testowane z przysz\u0142orocznym iOS 28.<\/p>\n<p>Wyobra\u017a sobie s\u0142uchawki douszne, kt\u00f3re nie tylko zapewniaj\u0105 krystalicznie czysty d\u017awi\u0119k, ale s\u0105 r\u00f3wnie\u017c wyposa\u017cone w kamery. Kamery te s\u0105 rozmieszczone w strategicznych miejscach na trzonkach s\u0142uchawek AirPods, a diody sygnalizuj\u0105, kiedy dane s\u0105 przesy\u0142ane do chmury. To innowacja, kt\u00f3ra ma szans\u0119 na nowo zdefiniowa\u0107 koncepcj\u0119 inteligentnych urz\u0105dze\u0144 do noszenia, przenosz\u0105c je na zupe\u0142nie nowy poziom.<\/p>\n<p>AirPods wyposa\u017cone w kamer\u0119 dostarcza\u0142yby ulepszonej wersji Siri \u2013 zawsze pomocnej wirtualnej asystentki \u2013 \u2018kontekst wizualny\u2019 dotycz\u0105cy otoczenia u\u017cytkownika. Siri nie opiera\u0142aby si\u0119 ju\u017c wy\u0142\u0105cznie na poleceniach g\u0142osowych, ale przetwarza\u0142aby r\u00f3wnie\u017c informacje wizualne, zapewniaj\u0105c bogatsze i bardziej interaktywne do\u015bwiadczenie u\u017cytkownika.<\/p>\n<p>B\u0142yskawiczny post\u0119p w dziedzinie technologii opartych na sztucznej inteligencji nie przestaje nas zadziwia\u0107, a fakt, \u017ce firma Apple odgrywa kluczow\u0105 rol\u0119 w poszerzaniu granic tych innowacji, dodatkowo podsyca emocje. Nowe s\u0142uchawki budz\u0105 ogromne oczekiwania. Jak wprowadzenie technologii kamerowej do urz\u0105dze\u0144, kt\u00f3re dotychczas skupia\u0142y si\u0119 wy\u0142\u0105cznie na audio, zmieni oblicze rynku? Zar\u00f3wno konsumenci, jak i entuzja\u015bci technologii z niecierpliwo\u015bci\u0105 czekaj\u0105, by si\u0119 o tym przekona\u0107.<\/p>\n<p>Wiele zale\u017cy od systemu iOS 28 i nowych s\u0142uchawek AirPods wyposa\u017conych w aparat, poniewa\u017c oba te produkty stanowi\u0142yby znacz\u0105cy krok naprz\u00f3d w rozwoju technologicznym firmy Apple. Znaj\u0105c jednak firm\u0119 Apple i jej histori\u0119 rewolucyjnych premier, mo\u017cna si\u0119 spodziewa\u0107, \u017ce ostateczny produkt prawdopodobnie spe\u0142ni pok\u0142adane w nim oczekiwania.<\/p>\n<p>Wszystkie te informacje mog\u0105 ulec zmianie w miar\u0119 zbli\u017cania si\u0119 przewidywanej daty premiery. Do tego czasu \u015bwiat technologii oraz wierni fani firmy Apple b\u0119d\u0105 z niecierpliwo\u015bci\u0105 odlicza\u0107 kolejne dni.<\/p>\n<p>Aby uzyska\u0107 bardziej szczeg\u00f3\u0142owe informacje na ten temat, zapoznaj si\u0119 z <a href=\"https:\/\/www.theverge.com\/tech\/950826\/apple-airpod-camera-ai-foldable-iphone-rumor\" target=\"_blank\" rel=\"noopener\">artyku\u0142 oryginalny<\/a> na stronie The Verge.<\/p>","protected":false},"excerpt":{"rendered":"<p>If you&#8217;re a tech enthusiast who follows Apple&#8217;s groundbreaking innovations, then you&#8217;ve probably heard about the camera-equipped AirPods that the company has rumoured to be working on. In the wake of the recent Worldwide Developers Conference (WWDC), fresh details surrounding these innovative earpieces have surfaced. The WWDC usually marks a high point in Apple&#8217;s event cycle, spotlighting new AI-powered features [&hellip;]<\/p>\n","protected":false},"author":1,"featured_media":6969,"comment_status":"","ping_status":"","sticky":false,"template":"","format":"standard","meta":{"_jetpack_newsletter_access":"","_jetpack_dont_email_post_to_subs":false,"_jetpack_newsletter_tier_id":0,"_jetpack_memberships_contains_paywalled_content":false,"_jetpack_feature_clip_id":0,"_jetpack_memberships_contains_paid_content":false,"footnotes":"","jetpack_post_was_ever_published":false},"categories":[25],"tags":[],"class_list":["post-6968","post","type-post","status-publish","format-standard","has-post-thumbnail","hentry","category-audio"],"featured_image_src":"https:\/\/implementi.ai\/wp-content\/uploads\/2026\/06\/6968-1024x683.jpg","blog_images":{"medium":"https:\/\/implementi.ai\/wp-content\/uploads\/2026\/06\/6968-300x200.jpg","large":"https:\/\/implementi.ai\/wp-content\/uploads\/2026\/06\/6968-1024x683.jpg"},"ams_acf":[],"jetpack_sharing_enabled":true,"jetpack_featured_media_url":"https:\/\/implementi.ai\/wp-content\/uploads\/2026\/06\/6968.jpg","_links":{"self":[{"href":"https:\/\/implementi.ai\/pl\/wp-json\/wp\/v2\/posts\/6968","targetHints":{"allow":["GET"]}}],"collection":[{"href":"https:\/\/implementi.ai\/pl\/wp-json\/wp\/v2\/posts"}],"about":[{"href":"https:\/\/implementi.ai\/pl\/wp-json\/wp\/v2\/types\/post"}],"author":[{"embeddable":true,"href":"https:\/\/implementi.ai\/pl\/wp-json\/wp\/v2\/users\/1"}],"replies":[{"embeddable":true,"href":"https:\/\/implementi.ai\/pl\/wp-json\/wp\/v2\/comments?post=6968"}],"version-history":[{"count":0,"href":"https:\/\/implementi.ai\/pl\/wp-json\/wp\/v2\/posts\/6968\/revisions"}],"wp:featuredmedia":[{"embeddable":true,"href":"https:\/\/implementi.ai\/pl\/wp-json\/wp\/v2\/media\/6969"}],"wp:attachment":[{"href":"https:\/\/implementi.ai\/pl\/wp-json\/wp\/v2\/media?parent=6968"}],"wp:term":[{"taxonomy":"category","embeddable":true,"href":"https:\/\/implementi.ai\/pl\/wp-json\/wp\/v2\/categories?post=6968"},{"taxonomy":"post_tag","embeddable":true,"href":"https:\/\/implementi.ai\/pl\/wp-json\/wp\/v2\/tags?post=6968"}],"curies":[{"name":"wp","href":"https:\/\/api.w.org\/{rel}","templated":true}]}}