{"id":6978,"date":"2026-06-18T18:00:00","date_gmt":"2026-06-18T16:00:00","guid":{"rendered":"https:\/\/implementi.ai\/en\/2026\/06\/18\/amazon-staff-risk-firing-for-supporting-data-center-restrictions\/"},"modified":"2026-06-18T18:00:00","modified_gmt":"2026-06-18T16:00:00","slug":"pracownicy-amazona-narazeni-na-zwolnienie-za-poparcie-ograniczen-dotyczacych-centrow-danych","status":"publish","type":"post","link":"https:\/\/implementi.ai\/pl\/2026\/06\/18\/amazon-staff-risk-firing-for-supporting-data-center-restrictions\/","title":{"rendered":"Pracownicy Amazona nara\u017caj\u0105 si\u0119 na zwolnienie za poparcie ogranicze\u0144 dotycz\u0105cych centr\u00f3w danych."},"content":{"rendered":"<p>\u015awiat technologii jest rozleg\u0142y i cz\u0119sto zagmatwany, a jego niuanse balansuj\u0105 na granicy mi\u0119dzy innowacj\u0105 a regulacjami. W\u015br\u00f3d tych zawi\u0142o\u015bci ostatnio dosz\u0142o do zamieszania wok\u00f3\u0142 centr\u00f3w danych nale\u017c\u0105cych do Amazona, mi\u0119dzynarodowego giganta technologicznego. In\u017cynierowie oprogramowania z Seattle przedstawili swoje stanowisko podczas niedawnych przes\u0142ucha\u0144 zorganizowanych przez rad\u0119 miejsk\u0105 \u2013 sednem sprawy dla tych specjalist\u00f3w by\u0142a kwestia dyskryminacji w zatrudnieniu ze wzgl\u0119du na wypowiedzi polityczne.<\/p>\n<p>Trzej in\u017cynierowie \u2013 Patrick Schloesser, Darius Irani i Liesl Wigand \u2013 rozpocz\u0119li swoje zeznania od powo\u0142ania si\u0119 na lokalne rozporz\u0105dzenie miejskie, kt\u00f3re wyra\u017anie zakazuje tej formy dyskryminacji. Jako pracownicy tak wp\u0142ywowej firmy jak Amazon, ich odwa\u017cny krok nie tylko zwr\u00f3ci\u0142 uwag\u0119 na omawian\u0105 kwesti\u0119, ale tak\u017ce podda\u0142 w w\u0105tpliwo\u015b\u0107 etyczne praktyki ich pracodawcy.<\/p>\n<p>Zgodnie z zasadami matematyki ka\u017cde dzia\u0142anie wywo\u0142uje reakcj\u0119 o r\u00f3wnej sile i przeciwnym kierunku. W przypadku tej tr\u00f3jki odwa\u017cnych os\u00f3b reakcja ta przybra\u0142a nieoczekiwan\u0105 form\u0119. Tydzie\u0144 po z\u0142o\u017ceniu zezna\u0144 i zaledwie dzie\u0144 po zatwierdzeniu przez Rad\u0119 Miasta prze\u0142omowego moratorium dotycz\u0105cego centr\u00f3w danych zostali wezwani na nag\u0142e spotkanie zorganizowane przez dzia\u0142 \u201cRelacji z pracownikami\u201d firmy Amazon.\u201d<\/p>\n<p>Tematem spotkania nie by\u0142o wyra\u017cenie uznania, lecz raczej dochodzenie. Ka\u017cdy z tych in\u017cynier\u00f3w poinformowa\u0142, \u017ce przedstawiciele dzia\u0142u kadr powiadomili ich o wszcz\u0119ciu przeciwko nim wewn\u0119trznego dochodzenia. Podejrzenie, \u017ce firma \u015bledzi swoich pracownik\u00f3w, jest nie tylko niepokoj\u0105ce, ale budzi r\u00f3wnie\u017c w\u0105tpliwo\u015bci co do ewentualnego naruszenia tego samego prawa, na kt\u00f3re odwo\u0142ali si\u0119 ci odwa\u017cni pracownicy w swoich zeznaniach.<\/p>\n<p>Te zarzuty wysuni\u0119te przez in\u017cynier\u00f3w oprogramowania, je\u015bli oka\u017c\u0105 si\u0119 prawdziwe, mog\u0142yby zachwia\u0107 fundamentami nie tylko stosunk\u00f3w pracy, ale tak\u017ce wolno\u015bci s\u0142owa w miejscu pracy w firmie Amazon. Czas poka\u017ce, jak te zarzuty wp\u0142yn\u0105 na przysz\u0142o\u015b\u0107 \u2013 jasne jest jednak, \u017ce kwestie zwi\u0105zane z centrami danych oraz polityk\u0105 tych skomplikowanych, opartych na sieci przestrzeni s\u0105 dalekie od rozstrzygni\u0119cia.<\/p>\n<p>Pozostaje nam tylko trzyma\u0107 si\u0119 kurczowo naszych miejsc i czeka\u0107 na rozw\u00f3j wydarze\u0144, podczas gdy toczy si\u0119 zaci\u0119ta walka mi\u0119dzy pracownikami kieruj\u0105cymi si\u0119 zasadami etycznymi a korporacyjn\u0105 machin\u0105 Amazona. W \u015bwiecie, w kt\u00f3rym dane rz\u0105dz\u0105 niepodzielnie, wynik tej sytuacji mo\u017ce sta\u0107 si\u0119 precedensem dla innych gigant\u00f3w technologicznych i ich pracownik\u00f3w, kt\u00f3rzy czekaj\u0105 na uboczu, obserwuj\u0105c rozw\u00f3j wydarze\u0144.<\/p>\n<p> Z tej sytuacji jasno wynika, \u017ce \u015bwiat centr\u00f3w danych to nie tylko sfera zer i jedynek, ale tak\u017ce \u015bwiat, w kt\u00f3rym przeplataj\u0105 si\u0119 wolno\u015b\u0107 polityczna, prawa pracownicze i odpowiedzialno\u015b\u0107 korporacyjna. To przeplatanie si\u0119 \u015bwiata cyfrowego z bardzo ludzkim \u015bwiatem praw rozpocz\u0119\u0142o si\u0119 ju\u017c w firmie Amazon i by\u0107 mo\u017ce stanowi zapowied\u017a tego, co czeka pracownik\u00f3w bran\u017cy technologicznej na ca\u0142ym \u015bwiecie. <\/p>\n<p><em> Aby zapozna\u0107 si\u0119 z bardziej szczeg\u00f3\u0142owymi informacjami na temat tej rozwijaj\u0105cej si\u0119 historii, odwied\u017a stron\u0119 <a href=\"https:\/\/www.theverge.com\/ai-artificial-intelligence\/952180\/amazon-seattle-data-center-moratorium-aecj-disciplinary-action\" target=\"_blank\" rel=\"noopener\">The Verge<\/a>.<\/em><\/p>","protected":false},"excerpt":{"rendered":"<p>The world of technology is vast and often perplexing, with its nuances dancing on the line between innovation and regulation. Among these complexities, there has been recent turmoil surrounding data centers at Amazon, the multinational technology giant. Seattle-based software engineers declared their perspective at recent hearings held by the city council\u2014at the heart of the matter for these professionals was [&hellip;]<\/p>\n","protected":false},"author":1,"featured_media":6979,"comment_status":"","ping_status":"","sticky":false,"template":"","format":"standard","meta":{"_jetpack_newsletter_access":"","_jetpack_dont_email_post_to_subs":false,"_jetpack_newsletter_tier_id":0,"_jetpack_memberships_contains_paywalled_content":false,"_jetpack_feature_clip_id":0,"_jetpack_memberships_contains_paid_content":false,"footnotes":"","jetpack_post_was_ever_published":false},"categories":[30],"tags":[],"class_list":["post-6978","post","type-post","status-publish","format-standard","has-post-thumbnail","hentry","category-social-media"],"featured_image_src":"https:\/\/implementi.ai\/wp-content\/uploads\/2026\/06\/6978-1024x683.jpg","blog_images":{"medium":"https:\/\/implementi.ai\/wp-content\/uploads\/2026\/06\/6978-300x200.jpg","large":"https:\/\/implementi.ai\/wp-content\/uploads\/2026\/06\/6978-1024x683.jpg"},"ams_acf":[],"jetpack_sharing_enabled":true,"jetpack_featured_media_url":"https:\/\/implementi.ai\/wp-content\/uploads\/2026\/06\/6978.jpg","_links":{"self":[{"href":"https:\/\/implementi.ai\/pl\/wp-json\/wp\/v2\/posts\/6978","targetHints":{"allow":["GET"]}}],"collection":[{"href":"https:\/\/implementi.ai\/pl\/wp-json\/wp\/v2\/posts"}],"about":[{"href":"https:\/\/implementi.ai\/pl\/wp-json\/wp\/v2\/types\/post"}],"author":[{"embeddable":true,"href":"https:\/\/implementi.ai\/pl\/wp-json\/wp\/v2\/users\/1"}],"replies":[{"embeddable":true,"href":"https:\/\/implementi.ai\/pl\/wp-json\/wp\/v2\/comments?post=6978"}],"version-history":[{"count":0,"href":"https:\/\/implementi.ai\/pl\/wp-json\/wp\/v2\/posts\/6978\/revisions"}],"wp:featuredmedia":[{"embeddable":true,"href":"https:\/\/implementi.ai\/pl\/wp-json\/wp\/v2\/media\/6979"}],"wp:attachment":[{"href":"https:\/\/implementi.ai\/pl\/wp-json\/wp\/v2\/media?parent=6978"}],"wp:term":[{"taxonomy":"category","embeddable":true,"href":"https:\/\/implementi.ai\/pl\/wp-json\/wp\/v2\/categories?post=6978"},{"taxonomy":"post_tag","embeddable":true,"href":"https:\/\/implementi.ai\/pl\/wp-json\/wp\/v2\/tags?post=6978"}],"curies":[{"name":"wp","href":"https:\/\/api.w.org\/{rel}","templated":true}]}}