{"id":7067,"date":"2026-07-10T15:45:02","date_gmt":"2026-07-10T13:45:02","guid":{"rendered":"https:\/\/implementi.ai\/en\/2026\/07\/10\/instagrams-mosseri-avoid-ai-content-by-adjusting-your-feed\/"},"modified":"2026-07-10T15:45:02","modified_gmt":"2026-07-10T13:45:02","slug":"instagram-mosseri-radzi-jak-unikac-tresci-generowanych-przez-sztuczna-inteligencje-dostosowujac-swoj-feed","status":"publish","type":"post","link":"https:\/\/implementi.ai\/pl\/2026\/07\/10\/instagrams-mosseri-avoid-ai-content-by-adjusting-your-feed\/","title":{"rendered":"Mosseri z Instagrama: Unikaj tre\u015bci generowanych przez sztuczn\u0105 inteligencj\u0119, dostosowuj\u0105c sw\u00f3j feed"},"content":{"rendered":"<p>Adam Mosseri, szef Instagrama, og\u0142osi\u0142 niedawno, \u017ce nie planuje cenzurowa\u0107 tre\u015bci generowanych przez sztuczn\u0105 inteligencj\u0119 na platformie. W szczerym wywiadzie udzielonym w podca\u015bcie Lenny\u2019ego Rachitsky\u2019ego Mosseri przedstawi\u0142 sw\u00f3j punkt widzenia, zgodnie z kt\u00f3rym je\u015bli u\u017cytkownikom nie podobaj\u0105 si\u0119 tre\u015bci generowane przez sztuczn\u0105 inteligencj\u0119, to po prostu \u201cnie powinny one pojawia\u0107 si\u0119 w ich kanale\u201d. Szybko jednak doda\u0142: \u201cNie s\u0105dz\u0119, \u017ceby\u015bmy powinni filtrowa\u0107 tre\u015bci generowane przez sztuczn\u0105 inteligencj\u0119. Uwa\u017cam, \u017ce powinni\u015bmy informowa\u0107 u\u017cytkownik\u00f3w, czy dana tre\u015b\u0107 zosta\u0142a wygenerowana przez sztuczn\u0105 inteligencj\u0119, czy nie\u201d.\u201d<\/p>\n<p>Analizuj\u0105c cz\u0119sto niejasn\u0105 granic\u0119 mi\u0119dzy zapewnianiem u\u017cytkownikom trafnych tre\u015bci a nieograniczaniem mo\u017cliwo\u015bci korzystania z technologii, stanowisko Mosseriego przedstawia wywa\u017cone podej\u015bcie. Twierdzi on, \u017ce Instagram d\u0105\u017cy raczej do informowania swoich u\u017cytkownik\u00f3w ni\u017c do kontrolowania tre\u015bci. Decyduj\u0105c si\u0119 na oznaczanie tre\u015bci generowanych przez sztuczn\u0105 inteligencj\u0119, Instagram chce da\u0107 swoim u\u017cytkownikom wiedz\u0119 i mo\u017cliwo\u015b\u0107 wyboru, jakie tre\u015bci wol\u0105 ogl\u0105da\u0107.<\/p>\n<p>Co ciekawe, Mosseri wydaje si\u0119 rozr\u00f3\u017cnia\u0107 filtrowanie tre\u015bci na podstawie ich charakteru (czy s\u0105 tworzone przez AI, czy nie) od ca\u0142kowitego zakazu publikowania tre\u015bci generowanych przez AI. Wydaje si\u0119, \u017ce panuje powszechna \u015bwiadomo\u015b\u0107, i\u017c tre\u015bci generowane przez AI maj\u0105 swoj\u0105 w\u0142asn\u0105, entuzjastyczn\u0105 grup\u0119 odbiorc\u00f3w, o czym \u015bwiadczy jego uwaga, \u017ce osoby, kt\u00f3re je uwielbiaj\u0105, \u201cpowinny mie\u0107 mo\u017cliwo\u015b\u0107 korzystania z kana\u0142u, kt\u00f3ry jest w ca\u0142o\u015bci po\u015bwi\u0119cony tre\u015bciom generowanym przez AI\u201d. W spos\u00f3b jednoznaczny stwierdzi\u0142, \u017ce Instagram nie zamierza zakazywa\u0107 tre\u015bci generowanych przez sztuczn\u0105 inteligencj\u0119, uznaj\u0105c tym samym, \u017ce r\u00f3\u017cne osoby maj\u0105 r\u00f3\u017cne preferencje w zakresie konsumpcji tre\u015bci.<\/p>\n<p>Podej\u015bcie Instagrama jest zbie\u017cne ze strategi\u0105 przyj\u0119t\u0105 przez inne czo\u0142owe platformy, takie jak TikTok, YouTube i Facebook. Wszystkie one dostrzeg\u0142y znaczenie tre\u015bci generowanych przez sztuczn\u0105 inteligencj\u0119, nie ulegaj\u0105c jednocze\u015bnie \u017c\u0105daniom ca\u0142kowitej filtracji lub blokowania takich tre\u015bci. Platformy te zmierzaj\u0105 w kierunku podej\u015bcia neutralnego wobec tre\u015bci, pozwalaj\u0105c sztucznej inteligencji znale\u017a\u0107 jej w\u0142a\u015bciwe i zas\u0142u\u017cone miejsce w ca\u0142o\u015bci tre\u015bci.<\/p>\n<p>W miar\u0119 jak debata na temat tre\u015bci generowanych przez sztuczn\u0105 inteligencj\u0119 nabiera tempa, staje si\u0119 coraz bardziej oczywiste, \u017ce nie chodzi o ich usuwanie, ale o znalezienie sposobu na ich w\u0142\u0105czenie. Platformy te, wraz z Instagramem Mosseriego, wyznaczaj\u0105 nowy precedens, decyduj\u0105c si\u0119 nie na ca\u0142kowite odrzucenie tre\u015bci generowanych przez sztuczn\u0105 inteligencj\u0119, lecz na zapewnienie u\u017cytkownikom mo\u017cliwo\u015bci \u015bwiadomego wyboru. Jak to si\u0119 m\u00f3wi: \u2018Niech u\u017cytkownik sam zdecyduje\u2019.\u2019<\/p>\n<p>Kredyt: <a href=\"https:\/\/www.theverge.com\/tech\/963961\/instagram-adam-mosseri-ai-feed-filters\" target=\"_blank\" rel=\"noopener\">The Verge<\/a><\/p>","protected":false},"excerpt":{"rendered":"<p>Adam Mosseri, the head of Instagram, recently announced that he has no plans on censuring AI content on the platform. Speaking candidly during an interview on Lenny Rachitsky&#8217;s podcast, Mosseri exposed his perspective that if users don&#8217;t fancy AI content, then they simply &#8220;shouldn&#8217;t have it in their feed&#8221;. However, he was quick to add, &#8220;I don&#8217;t think we should [&hellip;]<\/p>\n","protected":false},"author":1,"featured_media":7069,"comment_status":"","ping_status":"","sticky":false,"template":"","format":"standard","meta":{"_jetpack_newsletter_access":"","_jetpack_dont_email_post_to_subs":false,"_jetpack_newsletter_tier_id":0,"_jetpack_memberships_contains_paywalled_content":false,"_jetpack_feature_clip_id":0,"_jetpack_memberships_contains_paid_content":false,"footnotes":"","jetpack_post_was_ever_published":false},"categories":[30],"tags":[],"class_list":["post-7067","post","type-post","status-publish","format-standard","has-post-thumbnail","hentry","category-social-media"],"featured_image_src":"https:\/\/implementi.ai\/wp-content\/uploads\/2026\/07\/7067-1024x683.jpg","blog_images":{"medium":"https:\/\/implementi.ai\/wp-content\/uploads\/2026\/07\/7067-300x200.jpg","large":"https:\/\/implementi.ai\/wp-content\/uploads\/2026\/07\/7067-1024x683.jpg"},"ams_acf":[],"jetpack_sharing_enabled":true,"jetpack_featured_media_url":"https:\/\/implementi.ai\/wp-content\/uploads\/2026\/07\/7067.jpg","_links":{"self":[{"href":"https:\/\/implementi.ai\/pl\/wp-json\/wp\/v2\/posts\/7067","targetHints":{"allow":["GET"]}}],"collection":[{"href":"https:\/\/implementi.ai\/pl\/wp-json\/wp\/v2\/posts"}],"about":[{"href":"https:\/\/implementi.ai\/pl\/wp-json\/wp\/v2\/types\/post"}],"author":[{"embeddable":true,"href":"https:\/\/implementi.ai\/pl\/wp-json\/wp\/v2\/users\/1"}],"replies":[{"embeddable":true,"href":"https:\/\/implementi.ai\/pl\/wp-json\/wp\/v2\/comments?post=7067"}],"version-history":[{"count":0,"href":"https:\/\/implementi.ai\/pl\/wp-json\/wp\/v2\/posts\/7067\/revisions"}],"wp:featuredmedia":[{"embeddable":true,"href":"https:\/\/implementi.ai\/pl\/wp-json\/wp\/v2\/media\/7069"}],"wp:attachment":[{"href":"https:\/\/implementi.ai\/pl\/wp-json\/wp\/v2\/media?parent=7067"}],"wp:term":[{"taxonomy":"category","embeddable":true,"href":"https:\/\/implementi.ai\/pl\/wp-json\/wp\/v2\/categories?post=7067"},{"taxonomy":"post_tag","embeddable":true,"href":"https:\/\/implementi.ai\/pl\/wp-json\/wp\/v2\/tags?post=7067"}],"curies":[{"name":"wp","href":"https:\/\/api.w.org\/{rel}","templated":true}]}}