{"id":7438,"date":"2026-08-30T17:35:10","date_gmt":"2026-08-30T15:35:10","guid":{"rendered":"https:\/\/implementi.ai\/en\/2026\/08\/30\/governor-abbott-of-texas-halts-funding-for-additional-flock-cameras\/"},"modified":"2026-08-30T17:35:10","modified_gmt":"2026-08-30T15:35:10","slug":"gubernator-abbott-z-teksasu-wstrzymuje-finansowanie-dodatkowych-kamer-monitorujacych-stada","status":"publish","type":"post","link":"https:\/\/implementi.ai\/pl\/2026\/08\/30\/governor-abbott-of-texas-halts-funding-for-additional-flock-cameras\/","title":{"rendered":"Gubernator Teksasu Abbott wstrzymuje finansowanie dodatkowych kamer monitoruj\u0105cych stada."},"content":{"rendered":"<div>\n<p>W miar\u0119 jak nowoczesna technologia i polityka coraz bardziej si\u0119 przenikaj\u0105, narasta nowa kontrowersja. Tym razem dotyczy ona Flock \u2013 marki kamer monitoruj\u0105cych opartych na sztucznej inteligencji. Reakcja spo\u0142eczna by\u0142a tak silna, \u017ce gubernator Teksasu Greg Abbott wstrzyma\u0142 wydatki stanowe na te urz\u0105dzenia, blokuj\u0105c dotychczasowe dofinansowanie, kt\u00f3re wynios\u0142o a\u017c $30 milion\u00f3w.<\/p>\n<p>\u015arodki te pochodzi\u0142y z nieoczekiwanego \u017ar\u00f3d\u0142a: op\u0142aty $1 doliczanej do polis ubezpieczeniowych. By\u0142 to \u015brodek przedstawiany jako taktyka maj\u0105ca na celu walk\u0119 z kradzie\u017cami katalizator\u00f3w, kt\u00f3re stanowi\u0142y powszechny problem w tym stanie. Jednak w\u0142a\u015bnie wtedy, gdy wydawa\u0142o nam si\u0119, \u017ce to pomys\u0142owe rozwi\u0105zanie jest dok\u0142adnie tym, na co wygl\u0105da\u0142o, \u015bledztwo przeprowadzone przez \u201eTexas Tribune\u201d pozwoli\u0142o odkry\u0107 niepokoj\u0105c\u0105 prawd\u0119.<\/p>\n<h2>Koszt prywatno\u015bci<\/h2>\n<p>Chocia\u017c kamera Flock pojawi\u0142a si\u0119 niczym rycerz w l\u015bni\u0105cej zbroi, oferuj\u0105c rozwi\u0105zanie dla dr\u0119cz\u0105cego stan problemu kradzie\u017cy, sama staje si\u0119 coraz cz\u0119\u015bciej \u017ar\u00f3d\u0142em niepokoju. Wygl\u0105da na to, \u017ce obawy zwi\u0105zane z widmem \u2019Wielkiego Brata\u201d unosz\u0105cym si\u0119 nad \u017cyciem niewinnych obywateli nie ograniczaj\u0105 si\u0119 do jednej strony sceny politycznej; w ca\u0142ym spektrum politycznym zar\u00f3wno politycy, jak i obywatele wyra\u017caj\u0105 powa\u017cny niepok\u00f3j dotycz\u0105cy kwestii prywatno\u015bci zwi\u0105zanych z tym narz\u0119dziem technologicznym.<\/p>\n<p>Aby podkre\u015bli\u0107 powag\u0119 sytuacji, pojawi\u0142o si\u0119 wiele doniesie\u0144 ujawniaj\u0105cych przypadki zawieszenia funkcjonariuszy lub postawienia im zarzut\u00f3w karnych za nadu\u017cywanie system\u00f3w Flock. \u0141atwo by\u0142oby obwinia\u0107 poszczeg\u00f3lnych funkcjonariuszy za ich b\u0142\u0119dy; jednak r\u00f3wnie wa\u017cne jest poddanie krytycznej analizie system\u00f3w w\u0142adzy, kt\u00f3re w og\u00f3le umo\u017cliwi\u0142y tego rodzaju inwigilacj\u0119 i nadu\u017cycia.<\/p>\n<h2>Przysz\u0142o\u015b\u0107 w stanie ci\u0105g\u0142ych zmian?<\/h2>\n<p>W zwi\u0105zku z zamro\u017ceniem wydatk\u00f3w przez gubernatora Abbotta jasne jest, \u017ce kwestia ta stanowi\u0142a powa\u017cn\u0105 przeszkod\u0119 dla programu \u201eFlock Camera\u201d. Jednak to, co mo\u017ce to oznacza\u0107 dla przysz\u0142o\u015bci, wci\u0105\u017c pozostaje niewiadom\u0105. Czy program \u201eFlock Camera\u201d zostanie wznowiony, gdy sytuacja si\u0119 ustabilizuje? A mo\u017ce zaufanie do niego zosta\u0142o nieodwracalnie nadszarpni\u0119te?<\/p>\n<p>Co wi\u0119cej, patrz\u0105c z szerszej perspektywy, co ten incydent oznacza dla prawa obywateli do prywatno\u015bci? Czy w\u0142adze Teksasu ponownie rozwa\u017c\u0105 kwesti\u0119 stosowania technologii nadzoru, czy te\u017c przysz\u0142e rozwi\u0105zania b\u0119d\u0105 musia\u0142y zapewni\u0107 lepsz\u0105 r\u00f3wnowag\u0119 mi\u0119dzy bezpiecze\u0144stwem a prywatno\u015bci\u0105? Czas poka\u017ce.<\/p>\n<p>Na razie jednym z najwa\u017cniejszych wniosk\u00f3w jest znaczenie dziennikarstwa \u015bledczego. Gdyby nie dochodzenie przeprowadzone przez \u201eTexas Tribune\u201d, prawda o wykorzystaniu przez stan \u015brodk\u00f3w publicznych na zakup kamer Flock mog\u0142aby pozosta\u0107 ukryta na zawsze. By\u0107 mo\u017ce jest to r\u00f3wnie\u017c przypomnienie o jednym z naszych najskuteczniejszych narz\u0119dzi jako obywateli: byciu na bie\u017c\u0105co z informacjami i poci\u0105ganiu w\u0142adzy do odpowiedzialno\u015bci.<\/p>\n<p><em><a href=\"https:\/\/www.theverge.com\/ai-artificial-intelligence\/986541\/texas-governor-abbott-flock-cameras\" target=\"_blank\" rel=\"noopener\">Oryginalny artyku\u0142 pochodzi z serwisu The Verge.<\/a><\/em><\/p>\n<\/div>","protected":false},"excerpt":{"rendered":"<p>As modern tech and politics continue to interweave, a new controversy is brewing. This time, it&#8217;s around Flock &#8211; a brand of AI surveillance cameras. The backlash has grown to such an extent that Texas Governor Greg Abbott froze state spending on them, pulling the plug on the injection of funds that have amounted to a staggering $30 million thus [&hellip;]<\/p>\n","protected":false},"author":1,"featured_media":7439,"comment_status":"","ping_status":"","sticky":false,"template":"","format":"standard","meta":{"_jetpack_newsletter_access":"","_jetpack_dont_email_post_to_subs":false,"_jetpack_newsletter_tier_id":0,"_jetpack_memberships_contains_paywalled_content":false,"_jetpack_feature_clip_id":0,"_jetpack_memberships_contains_paid_content":false,"footnotes":"","jetpack_post_was_ever_published":false},"categories":[27],"tags":[],"class_list":["post-7438","post","type-post","status-publish","format-standard","has-post-thumbnail","hentry","category-images"],"featured_image_src":"https:\/\/implementi.ai\/wp-content\/uploads\/2026\/08\/7438-1024x683.jpg","blog_images":{"medium":"https:\/\/implementi.ai\/wp-content\/uploads\/2026\/08\/7438-300x200.jpg","large":"https:\/\/implementi.ai\/wp-content\/uploads\/2026\/08\/7438-1024x683.jpg"},"ams_acf":[],"jetpack_sharing_enabled":true,"jetpack_featured_media_url":"https:\/\/implementi.ai\/wp-content\/uploads\/2026\/08\/7438.jpg","_links":{"self":[{"href":"https:\/\/implementi.ai\/pl\/wp-json\/wp\/v2\/posts\/7438","targetHints":{"allow":["GET"]}}],"collection":[{"href":"https:\/\/implementi.ai\/pl\/wp-json\/wp\/v2\/posts"}],"about":[{"href":"https:\/\/implementi.ai\/pl\/wp-json\/wp\/v2\/types\/post"}],"author":[{"embeddable":true,"href":"https:\/\/implementi.ai\/pl\/wp-json\/wp\/v2\/users\/1"}],"replies":[{"embeddable":true,"href":"https:\/\/implementi.ai\/pl\/wp-json\/wp\/v2\/comments?post=7438"}],"version-history":[{"count":0,"href":"https:\/\/implementi.ai\/pl\/wp-json\/wp\/v2\/posts\/7438\/revisions"}],"wp:featuredmedia":[{"embeddable":true,"href":"https:\/\/implementi.ai\/pl\/wp-json\/wp\/v2\/media\/7439"}],"wp:attachment":[{"href":"https:\/\/implementi.ai\/pl\/wp-json\/wp\/v2\/media?parent=7438"}],"wp:term":[{"taxonomy":"category","embeddable":true,"href":"https:\/\/implementi.ai\/pl\/wp-json\/wp\/v2\/categories?post=7438"},{"taxonomy":"post_tag","embeddable":true,"href":"https:\/\/implementi.ai\/pl\/wp-json\/wp\/v2\/tags?post=7438"}],"curies":[{"name":"wp","href":"https:\/\/api.w.org\/{rel}","templated":true}]}}